{"id":997,"date":"2015-02-21T11:26:07","date_gmt":"2015-02-21T10:26:07","guid":{"rendered":"http:\/\/www.stendhal.fr\/?p=997"},"modified":"2015-02-21T11:26:07","modified_gmt":"2015-02-21T10:26:07","slug":"exposition-benjamin-levesque-acte-2-armance","status":"publish","type":"post","link":"https:\/\/stendhal.fr\/?p=997","title":{"rendered":"Exposition Benjamin LEVESQUE-Acte 2 Armance"},"content":{"rendered":"<p style=\"text-align: center;\">Exposition Benjamin LEVESQUE<\/p>\n<p style=\"text-align: center;\">Actuellement et jusqu\u2019au 14 mars prochain exposition des \u0153uvres de Benjamin LEVESQUE qui a travaill\u00e9 sur \u00ab\u00a0Armance\u00a0\u00bb de Stendhal.<\/p>\n<p>La plupart des tableaux ont \u00e9t\u00e9 peints avec des moyens techniques combin\u00e9s tr\u00e8s divers\u00a0: huile, pastel, crayon, encre de chine, feuille d\u2019or et d\u2019argent, \u2026 sur des toiles pr\u00e9alablement enduites de papier sur lequel les textes du roman on \u00e9t\u00e9 recopi\u00e9s. Toutes les \u0153uvres \u00e9voquent les personnages d\u2019Armance et d\u2019Octave ainsi que les ambiances dans lesquelles ils \u00e9voluent.<br \/>\nComme \u00e0 chaque exposition, nous \u00e9laborons et \u00e9ditons un catalogue pour lequel nous avons acquis des documents de la Biblioth\u00e8que Municipale de Grenoble que nous avons utilis\u00e9s comme fond de page.<br \/>\nLe 28 f\u00e9vrier, l\u2019Artiste sera de nouveau pr\u00e9sent \u00e0 la galerie et nous pensons que vous pourriez avoir un int\u00e9r\u00eat \u00e0 le rencontrer et voir les \u0153uvres de l\u2019exposition. Nous serions tr\u00e8s heureux de vous recevoir \u00e0 cette occasion ou m\u00eame \u00e0 une autre date.<br \/>\nVous trouverez ci-apr\u00e8s le lien de l\u2019exposition sur notre site sur lequel vous pourrez visualiser les \u0153uvres, le catalogue ainsi que l\u2019accrochage.<\/p>\n<p style=\"text-align: center;\"><a href=\"http:\/\/www.pallade.net\/expositions\/benjamin-levesque-a-lyon-du-29012015-au-14032015\/\">http:\/\/www.pallade.net\/expositions\/benjamin-levesque-a-lyon-du-29012015-au-14032015\/<\/a><\/p>\n<p>Anne-Marie et Roland Pallade<\/p>\n<p>anne-marie et roland pallade &#8211; art contemporain<br \/>\n35, rue Burdeau<br \/>\n69001 Lyon<br \/>\ndu mercredi au samedi de 15:00 \u00e0 19:00 et sur rdv<br \/>\n+33 9 50 45 85 75<br \/>\n+33 6 72 53 70 34<br \/>\ngalerie@pallade.net<br \/>\ngalerie.pallade@gmail.com<br \/>\nwww.pallade.net<\/p>\n<p>Membre du Comit\u00e9 Professionnel des Galeries d&rsquo;Art<\/p>\n","protected":false},"excerpt":{"rendered":"<p>Exposition Benjamin LEVESQUE Actuellement et jusqu\u2019au 14 mars prochain exposition des \u0153uvres de Benjamin LEVESQUE qui a travaill\u00e9 sur \u00ab\u00a0Armance\u00a0\u00bb de Stendhal. La plupart des tableaux ont \u00e9t\u00e9 peints avec des moyens techniques combin\u00e9s tr\u00e8s divers\u00a0: huile, pastel, crayon, encre &hellip; <a href=\"https:\/\/stendhal.fr\/?p=997\">Continuer la lecture <span class=\"meta-nav\">&rarr;<\/span><\/a><\/p>\n","protected":false},"author":1,"featured_media":0,"comment_status":"closed","ping_status":"closed","sticky":false,"template":"","format":"standard","meta":{"jetpack_post_was_ever_published":false,"_jetpack_newsletter_access":"","_jetpack_dont_email_post_to_subs":false,"_jetpack_newsletter_tier_id":0,"_jetpack_memberships_contains_paywalled_content":false,"_jetpack_memberships_contains_paid_content":false,"footnotes":"","jetpack_publicize_message":"","jetpack_publicize_feature_enabled":true,"jetpack_social_post_already_shared":true,"jetpack_social_options":{"image_generator_settings":{"template":"highway","default_image_id":0,"font":"","enabled":false},"version":2}},"categories":[21],"tags":[],"class_list":["post-997","post","type-post","status-publish","format-standard","hentry","category-expositions"],"jetpack_publicize_connections":[],"jetpack_featured_media_url":"","jetpack_sharing_enabled":true,"jetpack_shortlink":"https:\/\/wp.me\/p34K8b-g5","jetpack_likes_enabled":true,"_links":{"self":[{"href":"https:\/\/stendhal.fr\/index.php?rest_route=\/wp\/v2\/posts\/997","targetHints":{"allow":["GET"]}}],"collection":[{"href":"https:\/\/stendhal.fr\/index.php?rest_route=\/wp\/v2\/posts"}],"about":[{"href":"https:\/\/stendhal.fr\/index.php?rest_route=\/wp\/v2\/types\/post"}],"author":[{"embeddable":true,"href":"https:\/\/stendhal.fr\/index.php?rest_route=\/wp\/v2\/users\/1"}],"replies":[{"embeddable":true,"href":"https:\/\/stendhal.fr\/index.php?rest_route=%2Fwp%2Fv2%2Fcomments&post=997"}],"version-history":[{"count":4,"href":"https:\/\/stendhal.fr\/index.php?rest_route=\/wp\/v2\/posts\/997\/revisions"}],"predecessor-version":[{"id":1001,"href":"https:\/\/stendhal.fr\/index.php?rest_route=\/wp\/v2\/posts\/997\/revisions\/1001"}],"wp:attachment":[{"href":"https:\/\/stendhal.fr\/index.php?rest_route=%2Fwp%2Fv2%2Fmedia&parent=997"}],"wp:term":[{"taxonomy":"category","embeddable":true,"href":"https:\/\/stendhal.fr\/index.php?rest_route=%2Fwp%2Fv2%2Fcategories&post=997"},{"taxonomy":"post_tag","embeddable":true,"href":"https:\/\/stendhal.fr\/index.php?rest_route=%2Fwp%2Fv2%2Ftags&post=997"}],"curies":[{"name":"wp","href":"https:\/\/api.w.org\/{rel}","templated":true}]}}