{"id":992,"date":"2015-01-26T10:07:25","date_gmt":"2015-01-26T09:07:25","guid":{"rendered":"http:\/\/www.stendhal.fr\/?p=992"},"modified":"2015-01-28T10:17:35","modified_gmt":"2015-01-28T09:17:35","slug":"stendhal-et-le-recit-bref-colloque-organise-par-stendhal-aujourdhui","status":"publish","type":"post","link":"https:\/\/stendhal.fr\/?p=992","title":{"rendered":"Stendhal et le r\u00e9cit bref  Colloque organis\u00e9 par Stendhal Aujourd\u2019hui"},"content":{"rendered":"<p style=\"text-align: center;\"><strong>Stendhal et le r\u00e9cit bref<\/strong><\/p>\n<p style=\"text-align: center;\"><strong>Colloque organis\u00e9 par Stendhal Aujourd\u2019hui<\/strong><br \/>\n<strong> Avec la collaboration de HB Revue internationale d\u2019\u00e9tudes stendhaliennes<\/strong><\/p>\n<p style=\"text-align: left;\">6 et 7 f\u00e9vrier 2015 Universit\u00e9 Paris-Sorbonne-Paris IV<br \/>\nMaison de la Recherche, 28, rue Serpente, Paris VIe<\/p>\n<p><strong>Vendredi 6 f\u00e9vrier, salle D 323<\/strong><\/p>\n<p style=\"text-align: left;\">9h Accueil et ouverture du colloque<br \/>\n9h15-12h30<br \/>\nNicolas ALLARD (Universit\u00e9 Sorbonne-Nouvelle &#8211; Paris III) Bref panorama du r\u00e9cit bref stendhalien<br \/>\nAntoine GUIBAL (Universit\u00e9 de Virginie) Du journal \u00e0 l\u2019\u00e9pitaphe\u00a0: histoire d\u2019un effort d\u2019abr\u00e9viation autobiographique<\/p>\n<p style=\"text-align: left;\">M\u00e9k\u00e9 M\u00c9IT\u00c9 (Universit\u00e9 F\u00e9lix Houphou\u00ebt-Boigny, Cocody-Abidjan)<br \/>\nEnjeux narratifs, stylistiques et symboliques du r\u00e9cit bref dans <em>Le Juif<\/em> de Stendhal<\/p>\n<p>10h30 Pause<\/p>\n<p style=\"text-align: left;\">Lydia BAUER (Westf\u00e4lische Wilhelms-Universit\u00e4t M\u00fcnster)<br \/>\n<em>Mina de Vanghel<\/em> ou le filet d\u2019Ottilie<\/p>\n<p>Encarnaci\u00f3n MEDINA ARJONA (Universit\u00e9 de Jaen)<br \/>\n<em>De l\u2019Amour<\/em> et le r\u00e9cit court<\/p>\n<p style=\"text-align: left;\">\n14h 30-16h30<\/p>\n<p style=\"text-align: left;\">Yvon HOUSSAIS (Universit\u00e9 de Franche-Comt\u00e9)<br \/>\nLes <em>Chroniques italiennes\u00a0<\/em>: Stendhal \u00e0 la recherche d\u2019une forme<\/p>\n<p style=\"text-align: left;\">Concetta ANGELONE (Universit\u00e9 Grenoble III)<br \/>\nLa femme des <em>Chroniques italiennes<\/em>\u00a0: une h\u00e9ro\u00efne invent\u00e9e\u00a0?<\/p>\n<p>Lisa ROSCIONI (Universit\u00e9 de Parme)<br \/>\nLe manuscrit retrouv\u00e9 de <em>L\u2019Abbesse de Castro\u00a0<\/em>: Stendhal entre \u00e9criture de l\u2019histoire, \u00e9rudition et commerce des livres<\/p>\n<p style=\"text-align: left;\">\n6 et 7 f\u00e9vrier 2015 Universit\u00e9 Paris-Sorbonne-Paris IV<br \/>\nMaison de la Recherche, 28, rue Serpente, Paris VIe<\/p>\n<p style=\"text-align: left;\"><strong>Samedi 7 f\u00e9vrier, Salle D116<\/strong><\/p>\n<p style=\"text-align: left;\">9h15-12h30<\/p>\n<p style=\"text-align: left;\">Nicolas PEROT (Lyc\u00e9e Malherbe, Caen)<br \/>\nDe la nouvelle au roman\u00a0: <em>Aldomen<\/em> ou le petit <em>Oberman<\/em><\/p>\n<p style=\"text-align: left;\">Thierry OZWALD (Universit\u00e9 de Limoges)<br \/>\n<em>Rome, Naples et Florence<\/em> ou l\u2019exercice de la bri\u00e8vet\u00e9<\/p>\n<p style=\"text-align: left;\">Pierrette PAVET (Lyc\u00e9e Descartes, Antony)<br \/>\nLes anecdotes r\u00e9v\u00e9latrices du g\u00e9nie d\u2019un peuple dans les <em>Promenades dans Rome<\/em><\/p>\n<p style=\"text-align: left;\">10h30 Pause<\/p>\n<p style=\"text-align: left;\">Max ANDR\u00c9OLI (Grasse)<br \/>\nAnecdotes et r\u00e9cits dans <em>De l\u2019Amour<\/em> et la <em>Physiologie du mariage<\/em><\/p>\n<p style=\"text-align: left;\">Christopher THOMPSON (Universit\u00e9 de Warwick)<br \/>\nStendhal et les r\u00e9cits biographiques brefs dans les <em>\u00c9coles italiennes de peinture\u00a0<\/em>: \u00e9chos et port\u00e9e<\/p>\n<p style=\"text-align: left;\">\n14h30 -16h30<\/p>\n<p style=\"text-align: left;\">Suzel ESQUIER (CELIS, Universit\u00e9 de Clermont-Ferrand)<br \/>\n<em>Les Privil\u00e8ges<\/em>, r\u00e9cit et contrat magiques<\/p>\n<p style=\"text-align: left;\">Luc FRAISSE (Universit\u00e9 de Strasbourg)<br \/>\nLes petits r\u00e9cits d\u00e9monstratifs que Stendhal met dans <em>De l\u2019Amour<\/em>\u00a0: Proust et le comte Delfante<\/p>\n<p style=\"text-align: left;\">G\u00e9rald RANNAUD (Universit\u00e9 Grenoble III)<br \/>\n<em>San Francesco a Ripa<\/em> ou <em>Santa Maria Romana\u00a0<\/em>? Stendhal, M\u00e9rim\u00e9e et le fantastique<\/p>\n","protected":false},"excerpt":{"rendered":"<p>Stendhal et le r\u00e9cit bref Colloque organis\u00e9 par Stendhal Aujourd\u2019hui Avec la collaboration de HB Revue internationale d\u2019\u00e9tudes stendhaliennes 6 et 7 f\u00e9vrier 2015 Universit\u00e9 Paris-Sorbonne-Paris IV Maison de la Recherche, 28, rue Serpente, Paris VIe Vendredi 6 f\u00e9vrier, salle &hellip; <a href=\"https:\/\/stendhal.fr\/?p=992\">Continuer la lecture <span class=\"meta-nav\">&rarr;<\/span><\/a><\/p>\n","protected":false},"author":1,"featured_media":0,"comment_status":"closed","ping_status":"closed","sticky":false,"template":"","format":"standard","meta":{"jetpack_post_was_ever_published":false,"_jetpack_newsletter_access":"","_jetpack_dont_email_post_to_subs":false,"_jetpack_newsletter_tier_id":0,"_jetpack_memberships_contains_paywalled_content":false,"_jetpack_memberships_contains_paid_content":false,"footnotes":"","jetpack_publicize_message":"","jetpack_publicize_feature_enabled":true,"jetpack_social_post_already_shared":true,"jetpack_social_options":{"image_generator_settings":{"template":"highway","default_image_id":0,"font":"","enabled":false},"version":2}},"categories":[6],"tags":[],"class_list":["post-992","post","type-post","status-publish","format-standard","hentry","category-colloques"],"jetpack_publicize_connections":[],"jetpack_featured_media_url":"","jetpack_sharing_enabled":true,"jetpack_shortlink":"https:\/\/wp.me\/p34K8b-g0","jetpack_likes_enabled":true,"_links":{"self":[{"href":"https:\/\/stendhal.fr\/index.php?rest_route=\/wp\/v2\/posts\/992","targetHints":{"allow":["GET"]}}],"collection":[{"href":"https:\/\/stendhal.fr\/index.php?rest_route=\/wp\/v2\/posts"}],"about":[{"href":"https:\/\/stendhal.fr\/index.php?rest_route=\/wp\/v2\/types\/post"}],"author":[{"embeddable":true,"href":"https:\/\/stendhal.fr\/index.php?rest_route=\/wp\/v2\/users\/1"}],"replies":[{"embeddable":true,"href":"https:\/\/stendhal.fr\/index.php?rest_route=%2Fwp%2Fv2%2Fcomments&post=992"}],"version-history":[{"count":2,"href":"https:\/\/stendhal.fr\/index.php?rest_route=\/wp\/v2\/posts\/992\/revisions"}],"predecessor-version":[{"id":994,"href":"https:\/\/stendhal.fr\/index.php?rest_route=\/wp\/v2\/posts\/992\/revisions\/994"}],"wp:attachment":[{"href":"https:\/\/stendhal.fr\/index.php?rest_route=%2Fwp%2Fv2%2Fmedia&parent=992"}],"wp:term":[{"taxonomy":"category","embeddable":true,"href":"https:\/\/stendhal.fr\/index.php?rest_route=%2Fwp%2Fv2%2Fcategories&post=992"},{"taxonomy":"post_tag","embeddable":true,"href":"https:\/\/stendhal.fr\/index.php?rest_route=%2Fwp%2Fv2%2Ftags&post=992"}],"curies":[{"name":"wp","href":"https:\/\/api.w.org\/{rel}","templated":true}]}}