{"id":977,"date":"2014-12-12T10:39:03","date_gmt":"2014-12-12T09:39:03","guid":{"rendered":"http:\/\/www.stendhal.fr\/?p=977"},"modified":"2014-12-12T11:03:24","modified_gmt":"2014-12-12T10:03:24","slug":"stendhal-memoires-dun-touriste","status":"publish","type":"post","link":"https:\/\/stendhal.fr\/?p=977","title":{"rendered":"Stendhal M\u00e9moires d&rsquo;un touriste"},"content":{"rendered":"<p style=\"text-align: center;\"><strong>Stendhal<\/strong><br \/>\n<strong><em>M\u00e9moires d&rsquo;un touriste<\/em><\/strong><br \/>\n\u00c9dition de Victor Del Litto. Pr\u00e9face de Dominique Fernandez<br \/>\n\u00c9dition revue par Fanny D\u00e9chanet-Platz<br \/>\nCollection Folio classique (n\u00b0\u00a05857), Gallimard<br \/>\nParution : 28-11-2014<\/p>\n<p style=\"text-align: center;\"><a title=\"Gallimard\" href=\"http:\/\/www.gallimard.fr\/Catalogue\/GALLIMARD\/Folio\/Folio-classique\/Memoires-d-un-touriste\" target=\"_blank\">http:\/\/www.gallimard.fr\/Catalogue\/GALLIMARD\/Folio\/Folio-classique\/Memoires-d-un-touriste<\/a><\/p>\n<p>\u00abPourquoi Stendhal est-il all\u00e9 ici, plut\u00f4t que l\u00e0? O\u00f9 est-il descendu? O\u00f9 a-t-il \u00e9t\u00e9 le plus heureux? Son livre n&rsquo;est pas un guide mais une suite de points de vue personnels, qui refl\u00e8tent son humeur et son go\u00fbt du moment. Pas de visite exhaustive et impartiale de la France ; aucune id\u00e9e d&rsquo;inventaire ou de vade-mecum. Il n&rsquo;est question que de se peindre soi-m\u00eame, de faire son autoportrait en touriste.<br \/>\nDeux r\u00e8gles pour Stendhal : \u00e9crire vite, sous le coup de l&rsquo;impression, et rester soi-m\u00eame, refuser les opinions prescrites par la mode. Car pour lui le tourisme n&rsquo;est pas une pr\u00e9sentation objective des centres d&rsquo;int\u00e9r\u00eat d&rsquo;un lieu mais le d\u00e9roulement subjectif de ce qui se passe dans son \u00e2me. C&rsquo;est un tourisme int\u00e9rieur : exploration de ses souvenirs, de ses sensations, de ses humeurs, de ses fantasmes. D&rsquo;o\u00f9 la vivacit\u00e9 et la fra\u00eecheur; inalt\u00e9r\u00e9es, de son ouvrage, presque deux si\u00e8cles apr\u00e8s sa parution.\u00bb<\/p>\n<p style=\"text-align: right;\">Dominique Fernandez.<\/p>\n<p style=\"text-align: center;\">848 pages, sous couverture illustr\u00e9e, 108 x 178 mm<br \/>\nAchev\u00e9 d&rsquo;imprimer : 03-11-2014<br \/>\nGenre : M\u00e9moires et autobiographies ?Th\u00e8me : tourisme, voyages ?Cat\u00e9gorie &gt; Sous-cat\u00e9gorie : Litt\u00e9rature fran\u00e7aise &gt; M\u00e9moires et autobiographies ?\u00c9poque : XIXe si\u00e8cle?ISBN : 9782070301591 &#8211; Gencode : 9782070301591 &#8211; Code distributeur : A30159<\/p>\n<p style=\"text-align: center;\"><iframe loading=\"lazy\" style=\"width: 120px; height: 240px;\" src=\"\/\/ws-eu.amazon-adsystem.com\/widgets\/q?ServiceVersion=20070822&amp;OneJS=1&amp;Operation=GetAdHtml&amp;MarketPlace=FR&amp;source=ac&amp;ref=tf_til&amp;ad_type=product_link&amp;tracking_id=sitesten-21&amp;marketplace=amazon&amp;region=FR&amp;placement=2070301591&amp;asins=2070301591&amp;linkId=M6E5R67RQP56FBPE&amp;show_border=true&amp;link_opens_in_new_window=true\" width=\"300\" height=\"150\" frameborder=\"0\" marginwidth=\"0\" marginheight=\"0\" scrolling=\"no\"><br \/>\n<\/iframe><\/p>\n","protected":false},"excerpt":{"rendered":"<p>Stendhal M\u00e9moires d&rsquo;un touriste \u00c9dition de Victor Del Litto. Pr\u00e9face de Dominique Fernandez \u00c9dition revue par Fanny D\u00e9chanet-Platz Collection Folio classique (n\u00b0\u00a05857), Gallimard Parution : 28-11-2014 http:\/\/www.gallimard.fr\/Catalogue\/GALLIMARD\/Folio\/Folio-classique\/Memoires-d-un-touriste \u00abPourquoi Stendhal est-il all\u00e9 ici, plut\u00f4t que l\u00e0? O\u00f9 est-il descendu? O\u00f9 a-t-il &hellip; <a href=\"https:\/\/stendhal.fr\/?p=977\">Continuer la lecture <span class=\"meta-nav\">&rarr;<\/span><\/a><\/p>\n","protected":false},"author":1,"featured_media":0,"comment_status":"closed","ping_status":"closed","sticky":false,"template":"","format":"standard","meta":{"jetpack_post_was_ever_published":false,"_jetpack_newsletter_access":"","_jetpack_dont_email_post_to_subs":false,"_jetpack_newsletter_tier_id":0,"_jetpack_memberships_contains_paywalled_content":false,"_jetpack_memberships_contains_paid_content":false,"footnotes":"","jetpack_publicize_message":"","jetpack_publicize_feature_enabled":true,"jetpack_social_post_already_shared":true,"jetpack_social_options":{"image_generator_settings":{"template":"highway","default_image_id":0,"font":"","enabled":false},"version":2}},"categories":[2],"tags":[],"class_list":["post-977","post","type-post","status-publish","format-standard","hentry","category-nouvelles-publications"],"jetpack_publicize_connections":[],"jetpack_featured_media_url":"","jetpack_sharing_enabled":true,"jetpack_shortlink":"https:\/\/wp.me\/p34K8b-fL","jetpack_likes_enabled":true,"_links":{"self":[{"href":"https:\/\/stendhal.fr\/index.php?rest_route=\/wp\/v2\/posts\/977","targetHints":{"allow":["GET"]}}],"collection":[{"href":"https:\/\/stendhal.fr\/index.php?rest_route=\/wp\/v2\/posts"}],"about":[{"href":"https:\/\/stendhal.fr\/index.php?rest_route=\/wp\/v2\/types\/post"}],"author":[{"embeddable":true,"href":"https:\/\/stendhal.fr\/index.php?rest_route=\/wp\/v2\/users\/1"}],"replies":[{"embeddable":true,"href":"https:\/\/stendhal.fr\/index.php?rest_route=%2Fwp%2Fv2%2Fcomments&post=977"}],"version-history":[{"count":5,"href":"https:\/\/stendhal.fr\/index.php?rest_route=\/wp\/v2\/posts\/977\/revisions"}],"predecessor-version":[{"id":986,"href":"https:\/\/stendhal.fr\/index.php?rest_route=\/wp\/v2\/posts\/977\/revisions\/986"}],"wp:attachment":[{"href":"https:\/\/stendhal.fr\/index.php?rest_route=%2Fwp%2Fv2%2Fmedia&parent=977"}],"wp:term":[{"taxonomy":"category","embeddable":true,"href":"https:\/\/stendhal.fr\/index.php?rest_route=%2Fwp%2Fv2%2Fcategories&post=977"},{"taxonomy":"post_tag","embeddable":true,"href":"https:\/\/stendhal.fr\/index.php?rest_route=%2Fwp%2Fv2%2Ftags&post=977"}],"curies":[{"name":"wp","href":"https:\/\/api.w.org\/{rel}","templated":true}]}}