{"id":928,"date":"2014-05-18T13:39:27","date_gmt":"2014-05-18T12:39:27","guid":{"rendered":"http:\/\/www.stendhal.fr\/?p=928"},"modified":"2014-05-18T13:39:27","modified_gmt":"2014-05-18T12:39:27","slug":"michel-crouzet-la-vie-de-henry-brulard-ou-lenfance-de-la-revolte","status":"publish","type":"post","link":"https:\/\/stendhal.fr\/?p=928","title":{"rendered":"Michel Crouzet La Vie de Henry Brulard ou l&rsquo;enfance de la r\u00e9volte"},"content":{"rendered":"<p style=\"text-align: center;\"><strong>Michel Crouzet<\/strong><br \/>\n<strong><em>La\u00a0Vie de Henry Brulard\u00a0ou l&rsquo;enfance de la r\u00e9volte<\/em><\/strong><\/p>\n<p style=\"text-align: center;\">Nouvelle \u00e9dition revue, corrig\u00e9e et augment\u00e9e, suivi de trois essais\u00a0:<\/p>\n<p style=\"text-align: center;\">\u00ab \u00c9criture et autobiographie dans la\u00a0<em>Vie de Henry Brulard<\/em>\u00a0\u00bb, \u00ab\u00a0La\u00a0<em>Vie de Henry Brulard<\/em>, la \u201cmoins puante\u201d des autobiographies\u00a0?\u00a0\u00bb, \u00ab\u00a0Enfance et R\u00e9volution dans la\u00a0<em>Vie de Henry Brulard\u00a0<\/em>\u00bb<br \/>\nEur\u00e9dit<\/p>\n<p style=\"text-align: center;\"><a title=\"EUREDIT\" href=\"http:\/\/www.euredit-editions.com\/\" target=\"_blank\">http:\/\/www.euredit-editions.com\/<\/a><\/p>\n<p style=\"text-align: center;\">2014<br \/>\nEAN 9782848301853<br \/>\n306 p.<br \/>\nPrix 69 Euros<\/p>\n<p>Paru en 1982, cet ouvrage a fait partie d\u2019une th\u00e8se de doctorat dont il \u00e9tait le d\u00e9but\u00a0: le r\u00e9cit d\u2019enfance de Stendhal est consid\u00e9r\u00e9 comme le moment premier de la r\u00e9volte romantique\u00a0; l\u2019enfant est d\u00e9j\u00e0 l\u2019individu, il est lui-m\u00eame, n\u00e9 de lui-m\u00eame et il est d\u00e9j\u00e0 \u00ab\u00a0Moi-m\u00eame\u00a0\u00bb, dans un mouvement de n\u00e9gation de tout ce qui le pr\u00e9c\u00e8de, l\u2019opprime ou le limite.<\/p>\n<p>Les \u00e9tudes post\u00e9rieures qui lui sont ajout\u00e9es portent sur l\u2019autobiographie stendhalienne\u00a0: la <em>Vie de Henry Brulard<\/em> est un non-livre qui \u00e9chappe \u00e0 toute forme ou norme, dans la mesure o\u00f9 Stendhal refuse de raconter un pass\u00e9 connu et \u00e9tabli comme une histoire\u00a0; son \u00e9criture se confond avec l\u2019acte m\u00eame de la rem\u00e9moration et le texte qui exhibe tous les proc\u00e9d\u00e9s de rappel (les croquis)\u00a0 devient une sorte de chantier de la m\u00e9moire.<br \/>\nMais Stendhal veut fuir la puanteur du narcissisme microscopique qui se d\u00e9gage de tout discours d\u2019un Moi \u00e9pris de ses particularit\u00e9s\u00a0: il faut alors que tout aveu sugg\u00e8re un d\u00e9saveu, que toute singularit\u00e9 soit prise dans une ironie subtile, que le moi lui-m\u00eame \u00e9chappe aux d\u00e9finitions, aux classements par qualit\u00e9s et d\u00e9fauts. Tel est le paradoxe\u00a0: il esquive d\u2019autant mieux l\u2019exhibitionnisme que son identit\u00e9 \u00e9chappe \u00e0 toute saisie.<br \/>\nEnfin dernier probl\u00e8me\u00a0: cet enfant r\u00e9volutionnaire est-il d\u00e9j\u00e0 un adulte\u00a0? Le r\u00e9cit n\u2019est pas fauss\u00e9 par l\u2019anachronisme d\u2019un autobiographe trop content de constater qu\u2019il n\u2019a jamais \u00e9t\u00e9 un pur enfant. Henry Brulard fait la r\u00e9volution, mais dans une seule famille. Et la R\u00e9volution contient une \u00e9nergie, qui assure en quelque sorte la croissance de l\u2019enfant.<\/p>\n<p>Professeur \u00e9m\u00e9rite \u00e0 l\u2019universit\u00e9 Paris-Sorbonne, Michel Crouzet est le grand sp\u00e9cialiste du Romantisme en g\u00e9n\u00e9ral et de Stendhal en particulier auquel il a consacr\u00e9 de nombreux ouvrages qui font autorit\u00e9. Derniers titres parus\u00a0: <em>Stendhal et le d\u00e9senchantement du monde. Stendhal et l\u2019Am\u00e9rique<\/em>, II, Garnier, 2011, <em>M. Myself ou la Vie de Stendhal<\/em>, nouvelle version, Kim\u00e9, 2012, Parcours dix-neuvi\u00e9miste, Eur\u00e9dit, 2012. <em>Le Rouge et le Noir, essai sur le romanesque stendhalien<\/em>, nouvelle \u00e9dition, Eur\u00e9dit, 2012, <em>Quatre essais sur Le Rouge et le Noir<\/em>, Eur\u00e9dit, 2013. Grand Prix de la Critique de l\u2019Acad\u00e9mie fran\u00e7aise, 2008.<\/p>\n<p>Michel Crouzet est r\u00e9dacteur en chef de la revue <em>H.B., revue internationale d\u2019\u00e9tudes stendhaliennes<\/em><\/p>\n","protected":false},"excerpt":{"rendered":"<p>Michel Crouzet La\u00a0Vie de Henry Brulard\u00a0ou l&rsquo;enfance de la r\u00e9volte Nouvelle \u00e9dition revue, corrig\u00e9e et augment\u00e9e, suivi de trois essais\u00a0: \u00ab \u00c9criture et autobiographie dans la\u00a0Vie de Henry Brulard\u00a0\u00bb, \u00ab\u00a0La\u00a0Vie de Henry Brulard, la \u201cmoins puante\u201d des autobiographies\u00a0?\u00a0\u00bb, \u00ab\u00a0Enfance et &hellip; <a href=\"https:\/\/stendhal.fr\/?p=928\">Continuer la lecture <span class=\"meta-nav\">&rarr;<\/span><\/a><\/p>\n","protected":false},"author":1,"featured_media":0,"comment_status":"closed","ping_status":"closed","sticky":false,"template":"","format":"standard","meta":{"jetpack_post_was_ever_published":false,"_jetpack_newsletter_access":"","_jetpack_dont_email_post_to_subs":false,"_jetpack_newsletter_tier_id":0,"_jetpack_memberships_contains_paywalled_content":false,"_jetpack_memberships_contains_paid_content":false,"footnotes":"","jetpack_publicize_message":"","jetpack_publicize_feature_enabled":true,"jetpack_social_post_already_shared":false,"jetpack_social_options":{"image_generator_settings":{"template":"highway","default_image_id":0,"font":"","enabled":false},"version":2}},"categories":[2],"tags":[],"class_list":["post-928","post","type-post","status-publish","format-standard","hentry","category-nouvelles-publications"],"jetpack_publicize_connections":[],"jetpack_featured_media_url":"","jetpack_sharing_enabled":true,"jetpack_shortlink":"https:\/\/wp.me\/p34K8b-eY","jetpack_likes_enabled":true,"_links":{"self":[{"href":"https:\/\/stendhal.fr\/index.php?rest_route=\/wp\/v2\/posts\/928","targetHints":{"allow":["GET"]}}],"collection":[{"href":"https:\/\/stendhal.fr\/index.php?rest_route=\/wp\/v2\/posts"}],"about":[{"href":"https:\/\/stendhal.fr\/index.php?rest_route=\/wp\/v2\/types\/post"}],"author":[{"embeddable":true,"href":"https:\/\/stendhal.fr\/index.php?rest_route=\/wp\/v2\/users\/1"}],"replies":[{"embeddable":true,"href":"https:\/\/stendhal.fr\/index.php?rest_route=%2Fwp%2Fv2%2Fcomments&post=928"}],"version-history":[{"count":2,"href":"https:\/\/stendhal.fr\/index.php?rest_route=\/wp\/v2\/posts\/928\/revisions"}],"predecessor-version":[{"id":930,"href":"https:\/\/stendhal.fr\/index.php?rest_route=\/wp\/v2\/posts\/928\/revisions\/930"}],"wp:attachment":[{"href":"https:\/\/stendhal.fr\/index.php?rest_route=%2Fwp%2Fv2%2Fmedia&parent=928"}],"wp:term":[{"taxonomy":"category","embeddable":true,"href":"https:\/\/stendhal.fr\/index.php?rest_route=%2Fwp%2Fv2%2Fcategories&post=928"},{"taxonomy":"post_tag","embeddable":true,"href":"https:\/\/stendhal.fr\/index.php?rest_route=%2Fwp%2Fv2%2Ftags&post=928"}],"curies":[{"name":"wp","href":"https:\/\/api.w.org\/{rel}","templated":true}]}}