{"id":911,"date":"2014-04-22T16:56:46","date_gmt":"2014-04-22T15:56:46","guid":{"rendered":"http:\/\/www.stendhal.fr\/?p=911"},"modified":"2014-04-25T14:48:03","modified_gmt":"2014-04-25T13:48:03","slug":"devenir-stendhal-lenfance-dun-ecrivain","status":"publish","type":"post","link":"https:\/\/stendhal.fr\/?p=911","title":{"rendered":"Devenir Stendhal L&rsquo;enfance d&rsquo;un \u00e9crivain"},"content":{"rendered":"<p style=\"text-align: center;\"><strong><em>Devenir Stendhal<\/em><\/strong><br \/>\n<strong><em>L&rsquo;enfance d&rsquo;un \u00e9crivain<\/em><\/strong><\/p>\n<p style=\"text-align: center;\">Sous la direction de Olivier Tomasini et Christine Carrier<br \/>\nPUG (Presses Universitaires de Grenoble) &#8211; Collection : Patrimoine &#8211; mai 2014<\/p>\n<p style=\"text-align: center;\">\u00a0Format: 160 x2 40 128 p. 17,90 euros ISBN: 978-2-7061-1851-7<\/p>\n<p style=\"text-align: center;\"><a href=\"http:\/\/www.stendhal.fr\/wp-content\/2014\/04\/COUV400_medium.jpg\"><img loading=\"lazy\" decoding=\"async\" class=\"alignnone size-full wp-image-912\" alt=\"COUV400_medium\" src=\"http:\/\/www.stendhal.fr\/wp-content\/2014\/04\/COUV400_medium.jpg\" width=\"130\" height=\"195\" \/><\/a><\/p>\n<p style=\"text-align: center;\">On peut feuilleter l\u2019ouvrage sur le site de l\u2019\u00e9diteur \u00e0 l\u2019adresse:<br \/>\n<a title=\"PUG\" href=\"http:\/\/www.pug.fr\/produit\/1172\/9782706118517\/Devenir%20Stendhal%20?search_text=stendhal\" target=\"_blank\">http:\/\/www.pug.fr\/produit\/1172\/9782706118517\/Devenir%20Stendhal%20?search_text=stendhal<\/a><\/p>\n<p style=\"text-align: center;\">Pr\u00e9sentation<\/p>\n<p style=\"text-align: left;\">Cet ouvrage tr\u00e8s illustr\u00e9 revient sur les jeunes ann\u00e9es de Stendhal, nous permettant de comprendre comment l\u2019imaginaire de l\u2019\u00e9crivain s\u2019est nourri du terreau de l\u2019enfance. Grandissant \u00e0 Grenoble, ville \u00e0 l\u2019esprit r\u00e9volutionnaire, le jeune Henri Beyle y fera ses premi\u00e8res exp\u00e9riences, qui le marqueront \u00e0 jamais. Au bonheur bris\u00e9 par la perte soudaine de sa m\u00e8re \u00e0 l\u2019\u00e2ge de sept ans, succ\u00e8de son antipathie pour son p\u00e8re, et l\u2019apprentissage aupr\u00e8s de son grand-p\u00e8re Gagnon, homme intelligent, profond\u00e9ment bon, qui \u00e9veille le jeune homme et l\u2019initie \u00e0 l\u2019esprit des Lumi\u00e8res.<br \/>\nDe l\u2019\u00e9ducation \u00e0 la formation, des premiers \u00e9mois aux lectures interdites, des \u00e9lans romantiques au ressentiment qu\u2019il nourrira pour sa ville natale qui conserve aujourd\u2019hui le plus grand fonds de manuscrits stendhaliens, on voit se dessiner peu \u00e0 peu, sous le costume du jeune homme, celui qui deviendra l\u2019auteur de <em>la Chartreuse de Parme<\/em> et du <em>Rouge et le Noir<\/em>.<\/p>\n<p>Avant-propos de <strong>Pierre Berg\u00e9<\/strong>, pr\u00e9sident d\u2019honneur du mus\u00e9e Stendhal.<\/p>\n<p>Avec les contributions de : Christine Carrier, directrice de la biblioth\u00e8que municipale de Grenoble ; Ren\u00e9 Bourgeois, professeur \u00e9m\u00e9rite \u00e0 l\u2019universit\u00e9 Stendhal-Grenoble 3 ; Olivier Tomasini, conservateur responsable de l\u2019appartement Gagnon ; C\u00e9cile Meynard, ma\u00eetre de conf\u00e9rences \u00e0 l\u2019universit\u00e9 Stendhal-Grenoble 3 ; Catherine Mariette, ma\u00eetre de conf\u00e9rences \u00e0 l\u2019universit\u00e9 Stendhal-Grenoble 3 ; Brice Frigau Bonfanti, conservateur des collections Stendhal.<\/p>\n<p><strong>Une\u00a0 pr\u00e9sentation du livre aura lieu le jeudi 24 avril 2014 \u00e0 18 heures \u00e0 la Biblioth\u00e8que Centre-ville, 10 rue de la R\u00e9publique, en pr\u00e9sence\u00a0de M. Eric PIOLLE maire de Grenoble.<\/strong><br \/>\n<strong>\u00a0<\/strong><strong>Lors de cet \u00e9v\u00e9nement sera annonc\u00e9e la nouvelle exposition temporaire Stendhal, traits pour traits &#8211; Dessins des manuscrits de Grenoble, r\u00e9alis\u00e9e avec la participation scientifique de l\u2019Universit\u00e9 Stendhal- Grenoble 3, qui d\u00e9butera le 25 avril \u00e0 l\u2019appartement Gagnon\/Mus\u00e9e Stendhal.<\/strong><\/p>\n","protected":false},"excerpt":{"rendered":"<p>Devenir Stendhal L&rsquo;enfance d&rsquo;un \u00e9crivain Sous la direction de Olivier Tomasini et Christine Carrier PUG (Presses Universitaires de Grenoble) &#8211; Collection : Patrimoine &#8211; mai 2014 \u00a0Format: 160 x2 40 128 p. 17,90 euros ISBN: 978-2-7061-1851-7 On peut feuilleter l\u2019ouvrage &hellip; <a href=\"https:\/\/stendhal.fr\/?p=911\">Continuer la lecture <span class=\"meta-nav\">&rarr;<\/span><\/a><\/p>\n","protected":false},"author":1,"featured_media":0,"comment_status":"closed","ping_status":"closed","sticky":false,"template":"","format":"standard","meta":{"jetpack_post_was_ever_published":false,"_jetpack_newsletter_access":"","_jetpack_dont_email_post_to_subs":false,"_jetpack_newsletter_tier_id":0,"_jetpack_memberships_contains_paywalled_content":false,"_jetpack_memberships_contains_paid_content":false,"footnotes":"","jetpack_publicize_message":"","jetpack_publicize_feature_enabled":true,"jetpack_social_post_already_shared":false,"jetpack_social_options":{"image_generator_settings":{"template":"highway","default_image_id":0,"font":"","enabled":false},"version":2}},"categories":[2],"tags":[],"class_list":["post-911","post","type-post","status-publish","format-standard","hentry","category-nouvelles-publications"],"jetpack_publicize_connections":[],"jetpack_featured_media_url":"","jetpack_sharing_enabled":true,"jetpack_shortlink":"https:\/\/wp.me\/p34K8b-eH","jetpack_likes_enabled":true,"_links":{"self":[{"href":"https:\/\/stendhal.fr\/index.php?rest_route=\/wp\/v2\/posts\/911","targetHints":{"allow":["GET"]}}],"collection":[{"href":"https:\/\/stendhal.fr\/index.php?rest_route=\/wp\/v2\/posts"}],"about":[{"href":"https:\/\/stendhal.fr\/index.php?rest_route=\/wp\/v2\/types\/post"}],"author":[{"embeddable":true,"href":"https:\/\/stendhal.fr\/index.php?rest_route=\/wp\/v2\/users\/1"}],"replies":[{"embeddable":true,"href":"https:\/\/stendhal.fr\/index.php?rest_route=%2Fwp%2Fv2%2Fcomments&post=911"}],"version-history":[{"count":5,"href":"https:\/\/stendhal.fr\/index.php?rest_route=\/wp\/v2\/posts\/911\/revisions"}],"predecessor-version":[{"id":917,"href":"https:\/\/stendhal.fr\/index.php?rest_route=\/wp\/v2\/posts\/911\/revisions\/917"}],"wp:attachment":[{"href":"https:\/\/stendhal.fr\/index.php?rest_route=%2Fwp%2Fv2%2Fmedia&parent=911"}],"wp:term":[{"taxonomy":"category","embeddable":true,"href":"https:\/\/stendhal.fr\/index.php?rest_route=%2Fwp%2Fv2%2Fcategories&post=911"},{"taxonomy":"post_tag","embeddable":true,"href":"https:\/\/stendhal.fr\/index.php?rest_route=%2Fwp%2Fv2%2Ftags&post=911"}],"curies":[{"name":"wp","href":"https:\/\/api.w.org\/{rel}","templated":true}]}}