{"id":907,"date":"2014-04-11T09:52:44","date_gmt":"2014-04-11T08:52:44","guid":{"rendered":"http:\/\/www.stendhal.fr\/?p=907"},"modified":"2014-04-11T09:52:44","modified_gmt":"2014-04-11T08:52:44","slug":"yves-ansel-lola-kheyar-stibler-stendhal-le-rouge-et-le-noir","status":"publish","type":"post","link":"https:\/\/stendhal.fr\/?p=907","title":{"rendered":"Yves Ansel, Lola Kheyar Stibler  Stendhal Le Rouge et le Noir"},"content":{"rendered":"<p style=\"text-align: center;\"><strong>Yves Ansel , Lola Kheyar Stibler<\/strong><\/p>\n<p><strong>Stendhal <em>Le Rouge et le Noir<\/em><\/strong><\/p>\n<p style=\"text-align: center;\"><a href=\"http:\/\/www.stendhal.fr\/wp-content\/2014\/04\/Rouge-et-Noir.jpg\"><img loading=\"lazy\" decoding=\"async\" class=\"alignnone size-full wp-image-908\" alt=\"Rouge et Noir\" src=\"http:\/\/www.stendhal.fr\/wp-content\/2014\/04\/Rouge-et-Noir.jpg\" width=\"140\" height=\"208\" \/><\/a><\/p>\n<p style=\"text-align: center;\"><a title=\"Atlande\" href=\" http:\/\/www.editions-belin.com\/ewb_pages\/f\/fiche-article-stendhal-22436.php?lst_ref=1\" target=\"_blank\">http:\/\/www.editions-belin.com\/ewb_pages\/f\/fiche-article-stendhal-22436.php?lst_ref=1<\/a><\/p>\n<p>Collection : Lettres XIXe si\u00e8cle<br \/>\nEditeur : ATLANDE<br \/>\nDirecteur de collection : Olivier Bara<\/p>\n<p>19.00 \u20ac<br \/>\nISBN 978-2-3503-0257-7<br \/>\nDisponible<br \/>\n28\/11\/2013<br \/>\n288 pages<br \/>\n12 x 17 cm<\/p>\n<p style=\"text-align: left;\">Clefs concours<br \/>\nS\u2019adressant \u00e0 tous les candidats aux concours, en particulier Agr\u00e9gation et CAPES, Clefs concours offre une synth\u00e8se par sujet. Con\u00e7u comme un rep\u00e8re par rapport aux monographies et aux cours et comme un outil de r\u00e9vision, chaque ouvrage est articul\u00e9 autour de fiches th\u00e9matiques permettant de faire le point sur les acquis de la recherche.<br \/>\nSynth\u00e8se des travaux les plus r\u00e9cents, Clefs concours permet de s\u2019orienter dans la bibliographie et de mettre en perspective l\u2019\u00e9volution des savoirs.<\/p>\n<p>Clefs concours Lettres<br \/>\nTous les titres sont organis\u00e9s autour d\u2019une structure commune :<br \/>\n&#8211; des rep\u00e8res : un rappel du contexte historique et litt\u00e9raire.<br \/>\n&#8211; les grandes \u201cprobl\u00e9matiques\u201d, indispensables \u00e0 la compr\u00e9hension des enjeux de l&rsquo;\u0153uvre.<br \/>\n&#8211; le \u201ctravail du texte\u201d consacr\u00e9 aux questions de langue, de stylistique et de grammaire.<br \/>\n&#8211; des outils m\u00e9thodologiques, notamment bibliographiques.<br \/>\n&#8211; un syst\u00e8me de circulation entre les fiches et les r\u00e9f\u00e9rences bibliographiques.<\/p>\n<p><strong>Yves Ansel<\/strong> est professeur de Litt\u00e9rature fran\u00e7aise des XIXe et XXe si\u00e8cles \u00e0 l&rsquo;universit\u00e9 de Nantes.<\/p>\n<p><strong>Lola Kheyar Stibler<\/strong> est enseignante de Lettres modernes \u00e0 l&rsquo;universit\u00e9 de Paris III (Sorbonne Nouvelle).<\/p>\n","protected":false},"excerpt":{"rendered":"<p>Yves Ansel , Lola Kheyar Stibler Stendhal Le Rouge et le Noir http:\/\/www.editions-belin.com\/ewb_pages\/f\/fiche-article-stendhal-22436.php?lst_ref=1 Collection : Lettres XIXe si\u00e8cle Editeur : ATLANDE Directeur de collection : Olivier Bara 19.00 \u20ac ISBN 978-2-3503-0257-7 Disponible 28\/11\/2013 288 pages 12 x 17 cm Clefs &hellip; <a href=\"https:\/\/stendhal.fr\/?p=907\">Continuer la lecture <span class=\"meta-nav\">&rarr;<\/span><\/a><\/p>\n","protected":false},"author":1,"featured_media":0,"comment_status":"closed","ping_status":"closed","sticky":false,"template":"","format":"standard","meta":{"jetpack_post_was_ever_published":false,"_jetpack_newsletter_access":"","_jetpack_dont_email_post_to_subs":false,"_jetpack_newsletter_tier_id":0,"_jetpack_memberships_contains_paywalled_content":false,"_jetpack_memberships_contains_paid_content":false,"footnotes":"","jetpack_publicize_message":"","jetpack_publicize_feature_enabled":true,"jetpack_social_post_already_shared":false,"jetpack_social_options":{"image_generator_settings":{"template":"highway","default_image_id":0,"font":"","enabled":false},"version":2}},"categories":[2],"tags":[],"class_list":["post-907","post","type-post","status-publish","format-standard","hentry","category-nouvelles-publications"],"jetpack_publicize_connections":[],"jetpack_featured_media_url":"","jetpack_sharing_enabled":true,"jetpack_shortlink":"https:\/\/wp.me\/p34K8b-eD","jetpack_likes_enabled":true,"_links":{"self":[{"href":"https:\/\/stendhal.fr\/index.php?rest_route=\/wp\/v2\/posts\/907","targetHints":{"allow":["GET"]}}],"collection":[{"href":"https:\/\/stendhal.fr\/index.php?rest_route=\/wp\/v2\/posts"}],"about":[{"href":"https:\/\/stendhal.fr\/index.php?rest_route=\/wp\/v2\/types\/post"}],"author":[{"embeddable":true,"href":"https:\/\/stendhal.fr\/index.php?rest_route=\/wp\/v2\/users\/1"}],"replies":[{"embeddable":true,"href":"https:\/\/stendhal.fr\/index.php?rest_route=%2Fwp%2Fv2%2Fcomments&post=907"}],"version-history":[{"count":1,"href":"https:\/\/stendhal.fr\/index.php?rest_route=\/wp\/v2\/posts\/907\/revisions"}],"predecessor-version":[{"id":909,"href":"https:\/\/stendhal.fr\/index.php?rest_route=\/wp\/v2\/posts\/907\/revisions\/909"}],"wp:attachment":[{"href":"https:\/\/stendhal.fr\/index.php?rest_route=%2Fwp%2Fv2%2Fmedia&parent=907"}],"wp:term":[{"taxonomy":"category","embeddable":true,"href":"https:\/\/stendhal.fr\/index.php?rest_route=%2Fwp%2Fv2%2Fcategories&post=907"},{"taxonomy":"post_tag","embeddable":true,"href":"https:\/\/stendhal.fr\/index.php?rest_route=%2Fwp%2Fv2%2Ftags&post=907"}],"curies":[{"name":"wp","href":"https:\/\/api.w.org\/{rel}","templated":true}]}}