{"id":901,"date":"2014-03-31T17:08:20","date_gmt":"2014-03-31T16:08:20","guid":{"rendered":"http:\/\/www.stendhal.fr\/?p=901"},"modified":"2014-04-01T09:59:42","modified_gmt":"2014-04-01T08:59:42","slug":"dvd-laffaire-berthet-un-drame-campagnard","status":"publish","type":"post","link":"https:\/\/stendhal.fr\/?p=901","title":{"rendered":"DVD L&rsquo;Affaire Berthet, un drame campagnard"},"content":{"rendered":"<p>L&rsquo;association Brangues, Village de Litt\u00e9rature produit un court m\u00e9trage de 15 minutes en\u00a0 <strong>DVD \u00ab\u00a0L&rsquo;Affaire Berthet, un drame campagnard\u00a0\u00bb<\/strong> qui sortira en avril. Cette affaire Berthet est la \u00ab\u00a0vraie\u00a0\u00bb histoire du <em>Rouge et du Noir.<\/em> La vid\u00e9o est faite d&rsquo;apr\u00e8s une pi\u00e8ce de th\u00e9\u00e2tre qui avait \u00e9t\u00e9 pr\u00e9sent\u00e9e sur la place du village de Brangues il y a quelques ann\u00e9es.<\/p>\n<p style=\"text-align: center;\"><strong>On peut consulter la bande-annonce sur le site de l&rsquo;Espace Claudel-Stendhal \u00e0 l&rsquo;adresse:<\/strong><\/p>\n<p style=\"text-align: center;\"><a title=\"Espace Claudel-Stendhal\" href=\"http:\/\/claudel-stendhal.com\/actualites\/\" target=\"_blank\">http:\/\/claudel-stendhal.com\/actualites\/<\/a><\/p>\n<p>Il est propos\u00e9 une souscription au prix de 10 euros l&rsquo;unit\u00e9.<\/p>\n<p>Titre : L&rsquo;Affaire Berthet, un drame campagnard<br \/>\nProducteur : \u00ab\u00a0Association Brangues, Village de Litt\u00e9rature\u00a0\u00bb<br \/>\nProducteur ex\u00e9cutif : Traboule Productions<br \/>\nFilm \u00e9crit et r\u00e9alis\u00e9 par Philippe SPILMANN<br \/>\nAvec :<br \/>\nGranger Sylvain\u00a0\u00a0\u00a0\u00a0\u00a0\u00a0\u00a0\u00a0\u00a0\u00a0\u00a0\u00a0 Morales Lucien<br \/>\nTatin Caroline\u00a0\u00a0\u00a0\u00a0\u00a0\u00a0\u00a0\u00a0\u00a0\u00a0\u00a0\u00a0\u00a0\u00a0\u00a0 Spilmann Genevi\u00e8ve<br \/>\nBianco Peggy\u00a0\u00a0\u00a0\u00a0\u00a0\u00a0\u00a0\u00a0\u00a0\u00a0\u00a0\u00a0\u00a0\u00a0\u00a0 Spilmann Philippe<br \/>\nChambaz Edith\u00a0\u00a0\u00a0\u00a0\u00a0\u00a0\u00a0\u00a0\u00a0\u00a0\u00a0\u00a0\u00a0 Les enfants :<br \/>\nChappaz Jorge\u00a0\u00a0\u00a0\u00a0\u00a0\u00a0\u00a0\u00a0\u00a0\u00a0\u00a0\u00a0\u00a0 Masat Manon<br \/>\nCuviller Fran\u00e7oise\u00a0\u00a0\u00a0\u00a0\u00a0\u00a0\u00a0\u00a0\u00a0 Wuillot Mathis<br \/>\nDebailly Berny\u00a0\u00a0\u00a0\u00a0\u00a0\u00a0\u00a0\u00a0\u00a0\u00a0\u00a0\u00a0\u00a0\u00a0 Wuillot Th\u00e9ophile<br \/>\nDufrene Patrick\u00a0\u00a0\u00a0\u00a0\u00a0\u00a0\u00a0\u00a0\u00a0\u00a0\u00a0\u00a0 Et des habitants de Brangues et environs<br \/>\nFrancon Bernard<br \/>\nGuetat Michel<br \/>\nPrix : 10 Euros par souscription, 12 Euros ensuite<\/p>\n<p>Bon de commande<br \/>\nJe soussign\u00e9 Nom, Pr\u00e9nom :&#8230;&#8230;&#8230;&#8230;&#8230;&#8230;&#8230;&#8230;&#8230;&#8230;&#8230;&#8230;&#8230;&#8230;.<br \/>\nAdresse &#8230;&#8230;&#8230;&#8230;&#8230;&#8230;&#8230;&#8230;&#8230;&#8230;&#8230;&#8230;&#8230;&#8230;&#8230;&#8230;&#8230;&#8230;&#8230;&#8230;&#8230;&#8230;&#8230;&#8230;&#8230;<br \/>\n&#8230;&#8230;&#8230;&#8230;&#8230;&#8230;&#8230;&#8230;&#8230;&#8230;&#8230;&#8230;&#8230;&#8230;&#8230;&#8230;&#8230;&#8230;&#8230;&#8230;&#8230;&#8230;&#8230;&#8230;&#8230;&#8230;&#8230;&#8230;&#8230;&#8230;<br \/>\nT\u00e9l\u00e9phone &#8230;&#8230;&#8230;&#8230;&#8230;&#8230;&#8230;&#8230;&#8230;. mail &#8230;&#8230;&#8230;&#8230;&#8230;&#8230;&#8230;&#8230;&#8230;&#8230;&#8230;..<br \/>\nSouscris \u00e0 l&rsquo;achat de &#8230;&#8230;. DVD x\u00a0 10 euros = &#8230;&#8230;. euros<br \/>\nsignature :<\/p>\n<p>___________________________________________________<\/p>\n<p>Les DVD pourront \u00eatre retir\u00e9s \u00e0 partir du 20 avril \u00e0 l&rsquo;Espace d&rsquo;exposition Claudel-Stendhal aux jours et heures d&rsquo;ouverture<br \/>\n154 rue du Village 38510 Brangues. Pour les Grenoblois qui le demanderont, ils pourront le retirer\u00a0 un peu plus tard \u00e0 la librairie<br \/>\nLa Bouquinerie &#8211; 9 boulevard Agutte Sembat &#8211; 38000 Grenoble<\/p>\n<p>R\u00e8gl\u00e9 par ch\u00e8que au nom de ABVL et adress\u00e9 \u00e0<br \/>\nBrangues, Village de Litt\u00e9rature<br \/>\n154 rue du Village 38510 Brangues<br \/>\ntel 04 74 80 23 14 (les week-end \u00e0 partir d&rsquo;avril, sinon 04 74 80 80 07 22)<br \/>\nmail : contact@claudel-stendhal.com<\/p>\n","protected":false},"excerpt":{"rendered":"<p>L&rsquo;association Brangues, Village de Litt\u00e9rature produit un court m\u00e9trage de 15 minutes en\u00a0 DVD \u00ab\u00a0L&rsquo;Affaire Berthet, un drame campagnard\u00a0\u00bb qui sortira en avril. Cette affaire Berthet est la \u00ab\u00a0vraie\u00a0\u00bb histoire du Rouge et du Noir. La vid\u00e9o est faite d&rsquo;apr\u00e8s &hellip; <a href=\"https:\/\/stendhal.fr\/?p=901\">Continuer la lecture <span class=\"meta-nav\">&rarr;<\/span><\/a><\/p>\n","protected":false},"author":1,"featured_media":0,"comment_status":"closed","ping_status":"closed","sticky":false,"template":"","format":"standard","meta":{"jetpack_post_was_ever_published":false,"_jetpack_newsletter_access":"","_jetpack_dont_email_post_to_subs":false,"_jetpack_newsletter_tier_id":0,"_jetpack_memberships_contains_paywalled_content":false,"_jetpack_memberships_contains_paid_content":false,"footnotes":"","jetpack_publicize_message":"","jetpack_publicize_feature_enabled":true,"jetpack_social_post_already_shared":true,"jetpack_social_options":{"image_generator_settings":{"template":"highway","default_image_id":0,"font":"","enabled":false},"version":2}},"categories":[2],"tags":[],"class_list":["post-901","post","type-post","status-publish","format-standard","hentry","category-nouvelles-publications"],"jetpack_publicize_connections":[],"jetpack_featured_media_url":"","jetpack_sharing_enabled":true,"jetpack_shortlink":"https:\/\/wp.me\/p34K8b-ex","jetpack_likes_enabled":true,"_links":{"self":[{"href":"https:\/\/stendhal.fr\/index.php?rest_route=\/wp\/v2\/posts\/901","targetHints":{"allow":["GET"]}}],"collection":[{"href":"https:\/\/stendhal.fr\/index.php?rest_route=\/wp\/v2\/posts"}],"about":[{"href":"https:\/\/stendhal.fr\/index.php?rest_route=\/wp\/v2\/types\/post"}],"author":[{"embeddable":true,"href":"https:\/\/stendhal.fr\/index.php?rest_route=\/wp\/v2\/users\/1"}],"replies":[{"embeddable":true,"href":"https:\/\/stendhal.fr\/index.php?rest_route=%2Fwp%2Fv2%2Fcomments&post=901"}],"version-history":[{"count":3,"href":"https:\/\/stendhal.fr\/index.php?rest_route=\/wp\/v2\/posts\/901\/revisions"}],"predecessor-version":[{"id":904,"href":"https:\/\/stendhal.fr\/index.php?rest_route=\/wp\/v2\/posts\/901\/revisions\/904"}],"wp:attachment":[{"href":"https:\/\/stendhal.fr\/index.php?rest_route=%2Fwp%2Fv2%2Fmedia&parent=901"}],"wp:term":[{"taxonomy":"category","embeddable":true,"href":"https:\/\/stendhal.fr\/index.php?rest_route=%2Fwp%2Fv2%2Fcategories&post=901"},{"taxonomy":"post_tag","embeddable":true,"href":"https:\/\/stendhal.fr\/index.php?rest_route=%2Fwp%2Fv2%2Ftags&post=901"}],"curies":[{"name":"wp","href":"https:\/\/api.w.org\/{rel}","templated":true}]}}