{"id":883,"date":"2014-02-28T09:50:33","date_gmt":"2014-02-28T08:50:33","guid":{"rendered":"http:\/\/www.stendhal.fr\/?p=883"},"modified":"2014-04-11T08:51:47","modified_gmt":"2014-04-11T07:51:47","slug":"jean-prevost-laffaire-berthet","status":"publish","type":"post","link":"https:\/\/stendhal.fr\/?p=883","title":{"rendered":"Jean Pr\u00e9vost  L\u2019affaire Berthet"},"content":{"rendered":"<p style=\"text-align: center;\"><strong>Jean Pr\u00e9vost<\/strong><\/p>\n<p style=\"text-align: center;\"><strong><em>L\u2019affaire Berthet<\/em><\/strong><\/p>\n<p style=\"text-align: center;\"><a href=\"http:\/\/www.stendhal.fr\/wp-content\/2014\/02\/Laffaire-Berthet.jpg\"><img loading=\"lazy\" decoding=\"async\" class=\"alignnone size-medium wp-image-893\" alt=\"L'affaire Berthet\" src=\"http:\/\/www.stendhal.fr\/wp-content\/2014\/02\/Laffaire-Berthet-176x300.jpg\" width=\"176\" height=\"300\" srcset=\"https:\/\/stendhal.fr\/wp-content\/2014\/02\/Laffaire-Berthet-176x300.jpg 176w, https:\/\/stendhal.fr\/wp-content\/2014\/02\/Laffaire-Berthet.jpg 318w\" sizes=\"auto, (max-width: 176px) 100vw, 176px\" \/><\/a><\/p>\n<p style=\"text-align: center;\">\u00c9ditions La Th\u00e9ba\u00efde<\/p>\n<p style=\"text-align: center;\"><a title=\"La Thebaide sur Facebook\" href=\"https:\/\/fr-fr.facebook.com\/pages\/%C3%89ditions-La-Th%C3%A9ba%C3%AFde\/208133785975555\" target=\"_blank\">https:\/\/fr-fr.facebook.com\/pages\/%C3%89ditions-La-Th%C3%A9ba%C3%AFde\/208133785975555<\/a><\/p>\n<p style=\"text-align: center;\">Pr\u00e9fac\u00e9 par Philippe Berthier<\/p>\n<p style=\"text-align: center;\">Textes r\u00e9unis par Emmanuel Bluteau<\/p>\n<p style=\"text-align: center;\">Roman paru en feuilleton<\/p>\n<p style=\"text-align: center;\">Textes int\u00e9graux et in\u00e9dits<\/p>\n<p style=\"text-align: center;\">Compte rendu du proc\u00e8s d\u2019Antoine Berthet \u2013 Pi\u00e8ces du dossier judiciaire<\/p>\n<p style=\"text-align: center;\">Date de parution : 6 mars 2014<\/p>\n<p style=\"text-align: center;\">?Prix public : 18 euros<\/p>\n<p style=\"text-align: center;\">Broch\u00e9?12 x 20,5 cm?192 pages<\/p>\n<p style=\"text-align: center;\">ISBN 978-2-9539602-4-2?EAN 9782953960242<\/p>\n<p style=\"text-align: center;\"><strong>\u00c0 lire sur le site du Figaro:<\/strong><\/p>\n<p style=\"text-align: center;\"><strong>L&rsquo;affaire derri\u00e8re <em>Le Rouge et le Noir<\/em><\/strong><\/p>\n<p style=\"text-align: center;\"><a title=\"Le Figaro\" href=\"http:\/\/www.lefigaro.fr\/livres\/2014\/04\/10\/03005-20140410ARTFIG00008-l-affaire-derriere-le-rouge-et-le-noir.php\" target=\"_blank\">http:\/\/www.lefigaro.fr\/livres\/2014\/04\/10\/03005-20140410ARTFIG00008-l-affaire-derriere-le-rouge-et-le-noir.php<\/a><\/p>\n","protected":false},"excerpt":{"rendered":"<p>Jean Pr\u00e9vost L\u2019affaire Berthet \u00c9ditions La Th\u00e9ba\u00efde https:\/\/fr-fr.facebook.com\/pages\/%C3%89ditions-La-Th%C3%A9ba%C3%AFde\/208133785975555 Pr\u00e9fac\u00e9 par Philippe Berthier Textes r\u00e9unis par Emmanuel Bluteau Roman paru en feuilleton Textes int\u00e9graux et in\u00e9dits Compte rendu du proc\u00e8s d\u2019Antoine Berthet \u2013 Pi\u00e8ces du dossier judiciaire Date de parution : &hellip; <a href=\"https:\/\/stendhal.fr\/?p=883\">Continuer la lecture <span class=\"meta-nav\">&rarr;<\/span><\/a><\/p>\n","protected":false},"author":1,"featured_media":0,"comment_status":"closed","ping_status":"closed","sticky":false,"template":"","format":"standard","meta":{"jetpack_post_was_ever_published":false,"_jetpack_newsletter_access":"","_jetpack_dont_email_post_to_subs":false,"_jetpack_newsletter_tier_id":0,"_jetpack_memberships_contains_paywalled_content":false,"_jetpack_memberships_contains_paid_content":false,"footnotes":"","jetpack_publicize_message":"","jetpack_publicize_feature_enabled":true,"jetpack_social_post_already_shared":true,"jetpack_social_options":{"image_generator_settings":{"template":"highway","default_image_id":0,"font":"","enabled":false},"version":2}},"categories":[2],"tags":[],"class_list":["post-883","post","type-post","status-publish","format-standard","hentry","category-nouvelles-publications"],"jetpack_publicize_connections":[],"jetpack_featured_media_url":"","jetpack_sharing_enabled":true,"jetpack_shortlink":"https:\/\/wp.me\/p34K8b-ef","jetpack_likes_enabled":true,"_links":{"self":[{"href":"https:\/\/stendhal.fr\/index.php?rest_route=\/wp\/v2\/posts\/883","targetHints":{"allow":["GET"]}}],"collection":[{"href":"https:\/\/stendhal.fr\/index.php?rest_route=\/wp\/v2\/posts"}],"about":[{"href":"https:\/\/stendhal.fr\/index.php?rest_route=\/wp\/v2\/types\/post"}],"author":[{"embeddable":true,"href":"https:\/\/stendhal.fr\/index.php?rest_route=\/wp\/v2\/users\/1"}],"replies":[{"embeddable":true,"href":"https:\/\/stendhal.fr\/index.php?rest_route=%2Fwp%2Fv2%2Fcomments&post=883"}],"version-history":[{"count":11,"href":"https:\/\/stendhal.fr\/index.php?rest_route=\/wp\/v2\/posts\/883\/revisions"}],"predecessor-version":[{"id":906,"href":"https:\/\/stendhal.fr\/index.php?rest_route=\/wp\/v2\/posts\/883\/revisions\/906"}],"wp:attachment":[{"href":"https:\/\/stendhal.fr\/index.php?rest_route=%2Fwp%2Fv2%2Fmedia&parent=883"}],"wp:term":[{"taxonomy":"category","embeddable":true,"href":"https:\/\/stendhal.fr\/index.php?rest_route=%2Fwp%2Fv2%2Fcategories&post=883"},{"taxonomy":"post_tag","embeddable":true,"href":"https:\/\/stendhal.fr\/index.php?rest_route=%2Fwp%2Fv2%2Ftags&post=883"}],"curies":[{"name":"wp","href":"https:\/\/api.w.org\/{rel}","templated":true}]}}