{"id":868,"date":"2014-02-24T16:34:40","date_gmt":"2014-02-24T15:34:40","guid":{"rendered":"http:\/\/www.stendhal.fr\/?p=868"},"modified":"2014-02-24T16:57:09","modified_gmt":"2014-02-24T15:57:09","slug":"hb-revue-internationale-detudes-stendhaliennes-n-18-2014","status":"publish","type":"post","link":"https:\/\/stendhal.fr\/?p=868","title":{"rendered":"HB REVUE INTERNATIONALE D\u2019\u00c9TUDES STENDHALIENNES N\u00b0 18 2014"},"content":{"rendered":"<p style=\"text-align: center;\">HB<br \/>\nREVUE INTERNATIONALE<br \/>\nD\u2019\u00c9TUDES STENDHALIENNES<br \/>\nN\u00b0 18<br \/>\n2014<\/p>\n<div id=\"titreLivre\"><\/div>\n<div id=\"auteur\" style=\"text-align: center;\">R\u00e9dacteur en chef Michel Crouzet<br \/>\nR\u00e9dacteur en chef adjoint Michel Arrous<br \/>\nSecr\u00e9taire de r\u00e9daction Didier Philippot<\/div>\n<p style=\"text-align: center;\">Date de parution\u00a0: 2014<\/p>\n<p style=\"text-align: center;\">ISBN\u00a0: 978-2-84830-183-9 ISSN\u00a0: 1287-3209<\/p>\n<div id=\"tech\">\n<div style=\"text-align: center;\">1 ill. couleur 17 x 24,5 cm dos carr\u00e9 coll\u00e9 572 pages <a title=\"EUREDIT\" href=\"http:\/\/www.euredit-editions.com\/f\/index.php?sp=liv&amp;livre_id=183\" target=\"_blank\">EUREDIT <\/a>91\u00a0\u20ac<\/div>\n<div><\/div>\n<\/div>\n<p>Note de la r\u00e9daction en guise d\u2019avant-propos<br \/>\nDe quoi Yves Ansel est-il le nom\u00a0?<br \/>\nR\u00e8glement de comptes \u00e0 HB Corral\u00a0:<br \/>\nLes tontons flingueurs de <em>L\u2019Ann\u00e9e stendhalienne <\/em>par Michel Crouzet<br \/>\nStendhal, le Romantisme et la Modernit\u00e9. Sur l\u2019\u0153uvre de Michel Crouzet par Pierre Laforgue<\/p>\n<p>SOMMAIRE<\/p>\n<p>DOSSIER<\/p>\n<p>STENDHAL ET L\u2019\u00c9NERGIE<br \/>\nColloque \u2013 Paris- Sorbonne ? 30 et 31 mars 2012<br \/>\nTextes r\u00e9unis et pr\u00e9sent\u00e9s par<br \/>\nMichel ARROUS<\/p>\n<p>Pr\u00e9sentation par Michel Arrous<br \/>\n\u00c9nergie et \u00e9criture chez Stendhal par M\u00e9k\u00e9 M\u00e9it\u00e9<br \/>\nStendhal et l\u2019\u00e9nergie militaire\u00a0: de C\u00e9sar \u00e0 Napol\u00e9on par Elisabeth Scheele<br \/>\nAudacieuses passions \u00e0 l\u2019italienne par Brahim Karoui<br \/>\nL\u2019\u00e9nergie visuelle\u00a0: le regard m\u00e9prisant dans <em>Armance <\/em>par Sascha Luethy<br \/>\nL\u2019\u00e9nergie comme valeur dans <em>La Chartreuse de Parme<\/em><br \/>\npar Maria Zanni<br \/>\nBourr\u00e9s d\u2019\u00e9nergie jusqu\u2019\u00e0 la gueule\u2026 par Max Andr\u00e9oli<br \/>\nDe la sensation \u00e0 l\u2019expression\u00a0: imagination et \u00e9nergie dans <em>Lamiel <\/em>par Isabelle Pitteloud<br \/>\nAlla meglio\u00a0: l\u2019\u00e9nergie prosa\u00efque de Stendhal par \u00c9tienne Beaulieu<br \/>\nLes M\u00e9moires de Mme Roland et l\u2019\u00e9nergie stendhalienne par Akemi Yamamoto<br \/>\nLe possible ridicule de l\u2019\u00e9nergie dans les romans stendhaliens par Pierrette Pavet<br \/>\nStendhal, Maine de Biran et l\u2019\u00e9nergie par Michel Crouzet<br \/>\nStendhal et l\u2019\u00a0\u00ab\u00a0\u00e9nergie v\u00e9ritable\u00a0\u00bb (Le crime ne paie pas) par Serge Link\u00e8s<br \/>\nL\u2019\u00e9nergie italienne du criminel pl\u00e9b\u00e9ien selon Stendhal par Barbara Dimopoulou<br \/>\nL\u00e9thargie et agitation dans les nouvelles de Stendhal par Thierry Ozwald<br \/>\nStatues de gladiateurs romains et \u00e9nergie par Andr\u00e9e Mansau<br \/>\nJulien Sorel ou le jeune homme et la mort par Suzel Esquier<br \/>\nStendhal ou l\u2019\u00e9nergie du non-style\u00a0: enargeia \/ energeia par H\u00e9l\u00e8ne Spengler<br \/>\nBarr\u00e8s professeur d\u2019\u00e9nergie par Fran\u00e7oise Guinoiseau<br \/>\nStendhal, Baudelaire, et les peintres de l\u2019\u00e9nergie par Tomasz Szymansky<br \/>\n\u00c9loge et ambigu\u00eft\u00e9s de la d\u00e9mesure\u00a0: Stendhal \u00e9pique. <em>La Chartreuse de Parme <\/em>par Maria Vicenta Hern\u00e1ndez \u00c1lvarez<\/p>\n<p>VARIA<\/p>\n<p>Une lettre d\u2019outre-tombe\u00a0: Balzac et l\u2019\u00e9dition de <em>La Chartreuse de Parme <\/em>par Nobuhiro Takaki<br \/>\n\u00c0 propos de Bogdan Chmielnicki \u00a0: M\u00e9rim\u00e9e et la guerre par Thierry Ozwald<br \/>\nLire les journaux fran\u00e7ais en Italie\u00a0: objectif de Stendhal en 1832 et 1834 par Kosei Kurisu<br \/>\nStendhal, la Mort de Dieu et le g\u00e9nie du catholicisme par Michel Crouzet<br \/>\nStendhal et Mlle Mars. Un amour de th\u00e9\u00e2tre par Gisela Moinet<br \/>\nLe pinceau d\u2019Elisabetta Sirani sous la plume de Stendhal\u00a0: de la biographie larv\u00e9e \u00e0 la mythification par \u00c9milie Hamon-Lehours<br \/>\nLe reflet de soi\u00a0: l\u2019image sp\u00e9culaire dans <em>Armance <\/em>par Sascha Luethy<br \/>\nStendhal et le jardin\u00a0: ou comment les arbres cachent le jardin par Michel Crouzet<br \/>\nStendhal et Charles Coll\u00e9 po\u00e8te de la gaiet\u00e9 par Elisabeth Scheele<\/p>\n<p>NOTES<br \/>\n\u00ab\u00a0Appelle moi Stendhal\u00a0\u00bb, dit-il par Marie Madeleine Fontaine<br \/>\nBibliographie des travaux russes sur Stendhal\u00a0: 1990-2010 par Olga Smolitskaya<br \/>\nStendhal \u00e0 Vilna par Kajsa Andersson<\/p>\n<p>LIVRES<\/p>\n","protected":false},"excerpt":{"rendered":"<p>HB REVUE INTERNATIONALE D\u2019\u00c9TUDES STENDHALIENNES N\u00b0 18 2014 R\u00e9dacteur en chef Michel Crouzet R\u00e9dacteur en chef adjoint Michel Arrous Secr\u00e9taire de r\u00e9daction Didier Philippot Date de parution\u00a0: 2014 ISBN\u00a0: 978-2-84830-183-9 ISSN\u00a0: 1287-3209 1 ill. couleur 17 x 24,5 cm dos &hellip; <a href=\"https:\/\/stendhal.fr\/?p=868\">Continuer la lecture <span class=\"meta-nav\">&rarr;<\/span><\/a><\/p>\n","protected":false},"author":1,"featured_media":0,"comment_status":"closed","ping_status":"closed","sticky":false,"template":"","format":"standard","meta":{"jetpack_post_was_ever_published":false,"_jetpack_newsletter_access":"","_jetpack_dont_email_post_to_subs":false,"_jetpack_newsletter_tier_id":0,"_jetpack_memberships_contains_paywalled_content":false,"_jetpack_memberships_contains_paid_content":false,"footnotes":"","jetpack_publicize_message":"","jetpack_publicize_feature_enabled":true,"jetpack_social_post_already_shared":true,"jetpack_social_options":{"image_generator_settings":{"template":"highway","default_image_id":0,"font":"","enabled":false},"version":2}},"categories":[2],"tags":[],"class_list":["post-868","post","type-post","status-publish","format-standard","hentry","category-nouvelles-publications"],"jetpack_publicize_connections":[],"jetpack_featured_media_url":"","jetpack_sharing_enabled":true,"jetpack_shortlink":"https:\/\/wp.me\/p34K8b-e0","jetpack_likes_enabled":true,"_links":{"self":[{"href":"https:\/\/stendhal.fr\/index.php?rest_route=\/wp\/v2\/posts\/868","targetHints":{"allow":["GET"]}}],"collection":[{"href":"https:\/\/stendhal.fr\/index.php?rest_route=\/wp\/v2\/posts"}],"about":[{"href":"https:\/\/stendhal.fr\/index.php?rest_route=\/wp\/v2\/types\/post"}],"author":[{"embeddable":true,"href":"https:\/\/stendhal.fr\/index.php?rest_route=\/wp\/v2\/users\/1"}],"replies":[{"embeddable":true,"href":"https:\/\/stendhal.fr\/index.php?rest_route=%2Fwp%2Fv2%2Fcomments&post=868"}],"version-history":[{"count":6,"href":"https:\/\/stendhal.fr\/index.php?rest_route=\/wp\/v2\/posts\/868\/revisions"}],"predecessor-version":[{"id":876,"href":"https:\/\/stendhal.fr\/index.php?rest_route=\/wp\/v2\/posts\/868\/revisions\/876"}],"wp:attachment":[{"href":"https:\/\/stendhal.fr\/index.php?rest_route=%2Fwp%2Fv2%2Fmedia&parent=868"}],"wp:term":[{"taxonomy":"category","embeddable":true,"href":"https:\/\/stendhal.fr\/index.php?rest_route=%2Fwp%2Fv2%2Fcategories&post=868"},{"taxonomy":"post_tag","embeddable":true,"href":"https:\/\/stendhal.fr\/index.php?rest_route=%2Fwp%2Fv2%2Ftags&post=868"}],"curies":[{"name":"wp","href":"https:\/\/api.w.org\/{rel}","templated":true}]}}