{"id":860,"date":"2014-01-20T11:06:01","date_gmt":"2014-01-20T10:06:01","guid":{"rendered":"http:\/\/www.stendhal.fr\/?p=860"},"modified":"2014-01-20T11:07:01","modified_gmt":"2014-01-20T10:07:01","slug":"journee-detudes-le-rouge-et-le-noir","status":"publish","type":"post","link":"https:\/\/stendhal.fr\/?p=860","title":{"rendered":"Journ\u00e9e d\u2019\u00e9tudes \u00ab\u00a0Le Rouge et le Noir\u00a0\u00bb"},"content":{"rendered":"<p style=\"text-align: center;\"><strong>Journ\u00e9e d\u2019\u00e9tudes \u00ab\u00a0Le Rouge et le Noir\u00a0\u00bb<\/strong><\/p>\n<p style=\"text-align: center;\">Vendredi 24 janvier, 9h45-18h00<\/p>\n<p style=\"text-align: center;\">Universit\u00e9 Stendhal-Grenoble 3<br \/>\nGrande salle des colloques<\/p>\n<p style=\"text-align: center;\">Le c\u00e9l\u00e8bre roman de Stendhal, <em>Le Rouge et le Noir<\/em> fait cette ann\u00e9e partie du programme d\u2019agr\u00e9gation (XIXe si\u00e8cle) 2014,<br \/>\nc&rsquo;est l&rsquo;occasion pour le centre d\u2019\u00e9tudes stendhaliennes et romantiques d&rsquo;organiser une journ\u00e9e d\u2019\u00e9tudes d\u00e9di\u00e9e \u00e0 l&rsquo;ouvrage.<\/p>\n<p style=\"text-align: center;\"><a title=\"Rouge et noir\" href=\"http:\/\/www.u-grenoble3.fr\/version-francaise\/recherche-valorisation\/evenements\/journee-d-etudes-le-rouge-et-le-noir--185040.kjsp?RH=U3FR_ACTU02\" target=\"_blank\">Pour conna\u00eetre le programme de la journ\u00e9e<\/a><\/p>\n<p style=\"text-align: center;\">Contact : Catherine. Mariette-Clot@u-grenoble3.fr<\/p>\n","protected":false},"excerpt":{"rendered":"<p>Journ\u00e9e d\u2019\u00e9tudes \u00ab\u00a0Le Rouge et le Noir\u00a0\u00bb Vendredi 24 janvier, 9h45-18h00 Universit\u00e9 Stendhal-Grenoble 3 Grande salle des colloques Le c\u00e9l\u00e8bre roman de Stendhal, Le Rouge et le Noir fait cette ann\u00e9e partie du programme d\u2019agr\u00e9gation (XIXe si\u00e8cle) 2014, c&rsquo;est l&rsquo;occasion &hellip; <a href=\"https:\/\/stendhal.fr\/?p=860\">Continuer la lecture <span class=\"meta-nav\">&rarr;<\/span><\/a><\/p>\n","protected":false},"author":1,"featured_media":0,"comment_status":"closed","ping_status":"closed","sticky":false,"template":"","format":"standard","meta":{"jetpack_post_was_ever_published":false,"_jetpack_newsletter_access":"","_jetpack_dont_email_post_to_subs":false,"_jetpack_newsletter_tier_id":0,"_jetpack_memberships_contains_paywalled_content":false,"_jetpack_memberships_contains_paid_content":false,"footnotes":"","jetpack_publicize_message":"","jetpack_publicize_feature_enabled":true,"jetpack_social_post_already_shared":true,"jetpack_social_options":{"image_generator_settings":{"template":"highway","default_image_id":0,"font":"","enabled":false},"version":2}},"categories":[6],"tags":[],"class_list":["post-860","post","type-post","status-publish","format-standard","hentry","category-colloques"],"jetpack_publicize_connections":[],"jetpack_featured_media_url":"","jetpack_sharing_enabled":true,"jetpack_shortlink":"https:\/\/wp.me\/p34K8b-dS","jetpack_likes_enabled":true,"_links":{"self":[{"href":"https:\/\/stendhal.fr\/index.php?rest_route=\/wp\/v2\/posts\/860","targetHints":{"allow":["GET"]}}],"collection":[{"href":"https:\/\/stendhal.fr\/index.php?rest_route=\/wp\/v2\/posts"}],"about":[{"href":"https:\/\/stendhal.fr\/index.php?rest_route=\/wp\/v2\/types\/post"}],"author":[{"embeddable":true,"href":"https:\/\/stendhal.fr\/index.php?rest_route=\/wp\/v2\/users\/1"}],"replies":[{"embeddable":true,"href":"https:\/\/stendhal.fr\/index.php?rest_route=%2Fwp%2Fv2%2Fcomments&post=860"}],"version-history":[{"count":2,"href":"https:\/\/stendhal.fr\/index.php?rest_route=\/wp\/v2\/posts\/860\/revisions"}],"predecessor-version":[{"id":862,"href":"https:\/\/stendhal.fr\/index.php?rest_route=\/wp\/v2\/posts\/860\/revisions\/862"}],"wp:attachment":[{"href":"https:\/\/stendhal.fr\/index.php?rest_route=%2Fwp%2Fv2%2Fmedia&parent=860"}],"wp:term":[{"taxonomy":"category","embeddable":true,"href":"https:\/\/stendhal.fr\/index.php?rest_route=%2Fwp%2Fv2%2Fcategories&post=860"},{"taxonomy":"post_tag","embeddable":true,"href":"https:\/\/stendhal.fr\/index.php?rest_route=%2Fwp%2Fv2%2Ftags&post=860"}],"curies":[{"name":"wp","href":"https:\/\/api.w.org\/{rel}","templated":true}]}}