{"id":853,"date":"2014-03-08T09:00:27","date_gmt":"2014-03-08T08:00:27","guid":{"rendered":"http:\/\/www.stendhal.fr\/?p=853"},"modified":"2014-06-05T09:52:47","modified_gmt":"2014-06-05T08:52:47","slug":"stendhal-oeuvres-romanesques-completes-t-iii","status":"publish","type":"post","link":"https:\/\/stendhal.fr\/?p=853","title":{"rendered":"Stendhal \u0152uvres romanesques compl\u00e8tes, t. III"},"content":{"rendered":"<p style=\"text-align: center;\"><strong>Stendhal<\/strong><br \/>\n<strong><em>\u0152uvres romanesques compl\u00e8tes, t.\u00a0III<\/em><\/strong><\/p>\n<p style=\"text-align: center;\"><a title=\"Gallimard\" href=\"http:\/\/http:\/\/www.gallimard.fr\/\" target=\"_blank\">\u00c9ditions Gallimard<\/a><\/p>\n<p style=\"text-align: center;\">Biblioth\u00e8que de la Pl\u00e9iade<\/p>\n<p style=\"text-align: center;\">1520 p. 67,50 euros (60 euros jusqu&rsquo;au 30 juin 2014)<\/p>\n<p style=\"text-align: center;\"><strong>Date de mise en vente : 13 mars 2014<\/strong><\/p>\n<p style=\"text-align: left;\">Sur la lanc\u00e9e des <em>M\u00e9moires d\u2019un touriste<\/em> (1838), Stendhal part sur les routes pour un p\u00e9riple de quatre mois et demi dans le Sud-Ouest, sur la c\u00f4te m\u00e9diterran\u00e9enne, en Suisse, en Allemagne, aux Pays-Bas. Paysages, monuments, tableaux, rencontres, il engrange pour une suite \u00e9ventuelle, curieux de tout et de tous. Pourtant, c\u2019est dans la mine des manuscrits italiens qu\u2019il descend \u00e0 son retour, parce qu\u2019elle est p\u00e9cuniairement rentable et qu\u2019elle le replonge dans l\u2019univers imaginaire qu\u2019il a \u00e9lu pour sien. Quelques pages sur un Farn\u00e8se devenu cardinal et pape gr\u00e2ce \u00e0 une femme enclenchent un processus de cristallisation. Avant de passer \u00e0 l\u2019acte, un autre circuit plus modeste, en Bretagne et en Normandie, permet la maturation du projet. En cinquante-trois jours, port\u00e9 par la vague d\u2019une improvisation heureuse, Stendhal paie \u00e0 l\u2019Italie, en toute libert\u00e9, le grand tribut romanesque qu\u2019il lui devait et dicte <em>La Chartreuse de Parme<\/em>.<br \/>\n\u00c0 la recherche de nouvelles id\u00e9es, il t\u00e2tonne, entre l\u2019exploitation de chroniques napolitaines et des \u00e9tudes fran\u00e7aises et contemporaines, dont <em>Lamiel,<\/em> qui l\u2019entra\u00eene sur des chemins in\u00e9dits, particuli\u00e8rement audacieux. Salu\u00e9 comme un artiste majeur par celui qu\u2019il consid\u00e8re comme le ma\u00eetre du roman moderne, Balzac, qui consacre \u00e0 la <em>Chartreuse<\/em> une analyse exorbitante, il se voit pour la premi\u00e8re fois, \u00e0 cinquante-sept ans, mis \u00e0 sa place\u00a0; il essaie loyalement, dans la perspective d\u2019une nouvelle \u00e9dition refondue et augment\u00e9e de la <em>Chartreuse<\/em> qu\u2019il envisage pour 1860, de tenir compte des critiques sur le style et la composition, formul\u00e9e par son prestigieux confr\u00e8re, mais doit rapidement reconna\u00eetre qu\u2019elles contrarient son mouvement spontan\u00e9. Apr\u00e8s quelques efforts, et en parfaite conformit\u00e9 avec le premier commandement du beylisme, qui r\u00e9sume tous les autres, il d\u00e9cide de persister dans ses choix et d\u2019oser \u00eatre Stendhal plut\u00f4t que Balzac.<br \/>\nIl re\u00e7oit un premier grave avertissement physique qui l\u2019impressionne durablement. Il ne s\u2019en remettra pas v\u00e9ritablement\u00a0; la raison de sant\u00e9 qu\u2019il invoque pour demander un cong\u00e9 de son poste consulaire \u00e0 Civitavecchia, o\u00f9 il ne retournera pas, ne rel\u00e8ve pas du pr\u00e9texte. Revenu \u00e0 Paris assez affaibli, il se remet \u00e0 divers chantiers interrompus, \u00e9chafaude des projets (toujours <em>Lamiel<\/em>, toujours des nouvelles, dont le public est demandeur). Mais quelque chose semble cass\u00e9. Il meurt stendhaliennement, c\u2019est-\u00e0-dire vite et proprement, comme il l\u2019avait souhait\u00e9\u00a0: \u00ab\u00a0Je trouve qu\u2019il n\u2019y a pas de ridicule \u00e0 mourir dans la rue quand on ne le fait pas expr\u00e8s\u00a0\u00bb (lettre \u00e0 Domenico Fiore du 10\u00a0avril 1841).<\/p>\n<p style=\"text-align: right;\">Philippe Berthier.<\/p>\n<p style=\"text-align: left;\">L\u2019\u00e9dition en trois volumes des <em>\u0152uvres romanesques compl\u00e8tes<\/em> de Stendhal, d\u00e9sormais achev\u00e9e, est (curieusement) la premi\u00e8re \u00e0 proposer l\u2019ensemble des \u0153uvres dans l\u2019ordre chronologique de leur r\u00e9daction.<br \/>\nOutre les derni\u00e8res \u00ab\u00a0chroniques italiennes\u00a0\u00bb (consacr\u00e9es \u00e0 de scandaleuses histoires conventuelles), le tome III propose une <em>Chartreuse de Parme<\/em> assortie d\u2019appendices cons\u00e9quents parmi lesquels on trouvera l\u2019int\u00e9gralit\u00e9 de la recension dithyrambique de Balzac et ses \u00e9changes avec Stendhal, ainsi que les tentatives de r\u00e9\u00e9criture du roman par son auteur (qui n\u2019\u00e9tait pas rest\u00e9 insensible \u00e0 certaines remarques de Balzac), en vue d\u2019une seconde \u00e9dition du roman, qui ne parut jamais.<\/p>\n<p>Le volume, enfin, procure une \u00e9dition radicalement nouvelle de <em>Lamiel<\/em>, \u0153uvre en travail, souvent \u00ab\u00a0reconstitu\u00e9e\u00a0\u00bb \u00e0 l\u2019aide de manuscrits qui n\u2019\u00e9taient nullement faits pour \u00eatre mis bout \u00e0 bout\u00a0 et ici publi\u00e9e dans ses trois versions\u00a0: notre vision de l\u2019ultime projet romanesque de Stendhal, aussi inachev\u00e9 qu\u2019inachevable, s\u2019en trouve totalement renouvel\u00e9e.<\/p>\n<p style=\"text-align: left;\">\u00c9dition \u00e9tablie par Yves Ansel, Philippe Berthier, Xavier Bourdenet et Serge Link\u00e8s.<\/p>\n<p>Ce volume porte le n\u00b0 16 de la collection. Tomes\u00a0I et II disponibles.<\/p>\n<p>Un volume, reli\u00e9 pleine peau sous coffret illustr\u00e9<br \/>\nFormat :\u00a0\u00a0 \u00a0105\u00a0x\u00a0170<\/p>\n<p>CE VOLUME CONTIENT\u00a0:<\/p>\n<p>Avant-propos<br \/>\nChronologie<br \/>\npar Philippe Berthier<br \/>\nAvertissement<\/p>\n<p>A-IMAGINATION<br \/>\nLA DUCHESSE DE PALLIANO<br \/>\nLISIMON<br \/>\nL\u2019ABBESSE DE CASTRO<br \/>\nLA CHARTREUSE DE PARME<br \/>\nAppendices<br \/>\nI.\u00a0Sources italiennes<br \/>\nII.\u00a0Stendhal, \u00ab\u00a0La Jeunesse d\u2019Alexandre Farn\u00e8se\u00a0\u00bb<br \/>\nIII.\u00a0Balzac et <em>La Chartreuse de Parme<\/em><br \/>\nIV.\u00a0Tentatives de r\u00e9\u00e9criture en vue d\u2019une nouvelle \u00e9dition<br \/>\nTextes \u00e9tablis, pr\u00e9sent\u00e9s et annot\u00e9s par Philippe Berthier<br \/>\nF\u00c9DER<br \/>\nTexte \u00e9tabli, pr\u00e9sent\u00e9 et annot\u00e9 par Xavier Bourdenet<br \/>\nPHILIBERT LESCALE<br \/>\nTexte \u00e9tabli, pr\u00e9sent\u00e9 et annot\u00e9 par Philippe Berthier<br \/>\nLAMIEL<br \/>\nAppendices<br \/>\nTextes \u00e9tablis par Serge Link\u00e8s, ?pr\u00e9sent\u00e9s et annot\u00e9s par Yves Ansel et Serge Link\u00e8s<br \/>\nDON PARDO<br \/>\nSUORA SCOLASTICA<br \/>\nTextes \u00e9tablis, pr\u00e9sent\u00e9s et annot\u00e9s par Philippe Berthier<br \/>\nNotices, notes et variantes<\/p>\n<p>Lire l&rsquo;article de Bruno Frappat sur le site la-croix.com<\/p>\n<p><a title=\"lacroix\" href=\"http:\/\/www.la-croix.com\/Culture\/Livres-Idees\/Livres\/Fabrice-et-sa-tante-2014-06-04-1160900\" target=\"_blank\">http:\/\/www.la-croix.com\/Culture\/Livres-Idees\/Livres\/Fabrice-et-sa-tante-2014-06-04-1160900<\/a><\/p>\n","protected":false},"excerpt":{"rendered":"<p>Stendhal \u0152uvres romanesques compl\u00e8tes, t.\u00a0III \u00c9ditions Gallimard Biblioth\u00e8que de la Pl\u00e9iade 1520 p. 67,50 euros (60 euros jusqu&rsquo;au 30 juin 2014) Date de mise en vente : 13 mars 2014 Sur la lanc\u00e9e des M\u00e9moires d\u2019un touriste (1838), Stendhal part &hellip; <a href=\"https:\/\/stendhal.fr\/?p=853\">Continuer la lecture <span class=\"meta-nav\">&rarr;<\/span><\/a><\/p>\n","protected":false},"author":1,"featured_media":0,"comment_status":"closed","ping_status":"closed","sticky":false,"template":"","format":"standard","meta":{"jetpack_post_was_ever_published":false,"_jetpack_newsletter_access":"","_jetpack_dont_email_post_to_subs":false,"_jetpack_newsletter_tier_id":0,"_jetpack_memberships_contains_paywalled_content":false,"_jetpack_memberships_contains_paid_content":false,"footnotes":"","jetpack_publicize_message":"","jetpack_publicize_feature_enabled":true,"jetpack_social_post_already_shared":true,"jetpack_social_options":{"image_generator_settings":{"template":"highway","default_image_id":0,"font":"","enabled":false},"version":2}},"categories":[2],"tags":[],"class_list":["post-853","post","type-post","status-publish","format-standard","hentry","category-nouvelles-publications"],"jetpack_publicize_connections":[],"jetpack_featured_media_url":"","jetpack_sharing_enabled":true,"jetpack_shortlink":"https:\/\/wp.me\/p34K8b-dL","jetpack_likes_enabled":true,"_links":{"self":[{"href":"https:\/\/stendhal.fr\/index.php?rest_route=\/wp\/v2\/posts\/853","targetHints":{"allow":["GET"]}}],"collection":[{"href":"https:\/\/stendhal.fr\/index.php?rest_route=\/wp\/v2\/posts"}],"about":[{"href":"https:\/\/stendhal.fr\/index.php?rest_route=\/wp\/v2\/types\/post"}],"author":[{"embeddable":true,"href":"https:\/\/stendhal.fr\/index.php?rest_route=\/wp\/v2\/users\/1"}],"replies":[{"embeddable":true,"href":"https:\/\/stendhal.fr\/index.php?rest_route=%2Fwp%2Fv2%2Fcomments&post=853"}],"version-history":[{"count":5,"href":"https:\/\/stendhal.fr\/index.php?rest_route=\/wp\/v2\/posts\/853\/revisions"}],"predecessor-version":[{"id":932,"href":"https:\/\/stendhal.fr\/index.php?rest_route=\/wp\/v2\/posts\/853\/revisions\/932"}],"wp:attachment":[{"href":"https:\/\/stendhal.fr\/index.php?rest_route=%2Fwp%2Fv2%2Fmedia&parent=853"}],"wp:term":[{"taxonomy":"category","embeddable":true,"href":"https:\/\/stendhal.fr\/index.php?rest_route=%2Fwp%2Fv2%2Fcategories&post=853"},{"taxonomy":"post_tag","embeddable":true,"href":"https:\/\/stendhal.fr\/index.php?rest_route=%2Fwp%2Fv2%2Ftags&post=853"}],"curies":[{"name":"wp","href":"https:\/\/api.w.org\/{rel}","templated":true}]}}