{"id":834,"date":"2013-12-09T11:17:10","date_gmt":"2013-12-09T10:17:10","guid":{"rendered":"http:\/\/www.stendhal.fr\/?p=834"},"modified":"2021-10-14T15:12:06","modified_gmt":"2021-10-14T14:12:06","slug":"834","status":"publish","type":"post","link":"https:\/\/stendhal.fr\/?p=834","title":{"rendered":"Le Magazine Litt\u00e9raire consacre son num\u00e9ro de d\u00e9cembre \u00e0 Stendhal"},"content":{"rendered":"<p style=\"text-align: center;\"><strong><em>Le Magazine Litt\u00e9raire<\/em> <\/strong>consacre son num\u00e9ro de d\u00e9cembre \u00e0 Stendhal<\/p>\n<p style=\"text-align: center;\"><a title=\"Magazine litt\u00e9raire\" href=\"http:\/\/www.magazine-litteraire.com\/mensuel\/538\" target=\"_blank\" rel=\"noopener\">http:\/\/www.magazine-litteraire.com\/mensuel\/538<\/a><\/p>\n<p><a href=\"http:\/\/www.stendhal.fr\/wp-content\/2013\/12\/538.jpg\"><img loading=\"lazy\" decoding=\"async\" class=\"size-full wp-image-835 aligncenter\" alt=\"538\" src=\"http:\/\/www.stendhal.fr\/wp-content\/2013\/12\/538.jpg\" width=\"198\" height=\"277\"\/><\/a><\/p>\n","protected":false},"excerpt":{"rendered":"<p>Le Magazine Litt\u00e9raire consacre son num\u00e9ro de d\u00e9cembre \u00e0 Stendhal http:\/\/www.magazine-litteraire.com\/mensuel\/538<\/p>\n","protected":false},"author":1,"featured_media":0,"comment_status":"closed","ping_status":"closed","sticky":false,"template":"","format":"standard","meta":{"jetpack_post_was_ever_published":false,"_jetpack_newsletter_access":"","_jetpack_dont_email_post_to_subs":false,"_jetpack_newsletter_tier_id":0,"_jetpack_memberships_contains_paywalled_content":false,"_jetpack_memberships_contains_paid_content":false,"footnotes":"","jetpack_publicize_message":"","jetpack_publicize_feature_enabled":true,"jetpack_social_post_already_shared":true,"jetpack_social_options":{"image_generator_settings":{"template":"highway","default_image_id":0,"font":"","enabled":false},"version":2}},"categories":[2],"tags":[],"class_list":["post-834","post","type-post","status-publish","format-standard","hentry","category-nouvelles-publications"],"jetpack_publicize_connections":[],"jetpack_featured_media_url":"","jetpack_sharing_enabled":true,"jetpack_shortlink":"https:\/\/wp.me\/s34K8b-834","jetpack_likes_enabled":true,"_links":{"self":[{"href":"https:\/\/stendhal.fr\/index.php?rest_route=\/wp\/v2\/posts\/834","targetHints":{"allow":["GET"]}}],"collection":[{"href":"https:\/\/stendhal.fr\/index.php?rest_route=\/wp\/v2\/posts"}],"about":[{"href":"https:\/\/stendhal.fr\/index.php?rest_route=\/wp\/v2\/types\/post"}],"author":[{"embeddable":true,"href":"https:\/\/stendhal.fr\/index.php?rest_route=\/wp\/v2\/users\/1"}],"replies":[{"embeddable":true,"href":"https:\/\/stendhal.fr\/index.php?rest_route=%2Fwp%2Fv2%2Fcomments&post=834"}],"version-history":[{"count":3,"href":"https:\/\/stendhal.fr\/index.php?rest_route=\/wp\/v2\/posts\/834\/revisions"}],"predecessor-version":[{"id":1541,"href":"https:\/\/stendhal.fr\/index.php?rest_route=\/wp\/v2\/posts\/834\/revisions\/1541"}],"wp:attachment":[{"href":"https:\/\/stendhal.fr\/index.php?rest_route=%2Fwp%2Fv2%2Fmedia&parent=834"}],"wp:term":[{"taxonomy":"category","embeddable":true,"href":"https:\/\/stendhal.fr\/index.php?rest_route=%2Fwp%2Fv2%2Fcategories&post=834"},{"taxonomy":"post_tag","embeddable":true,"href":"https:\/\/stendhal.fr\/index.php?rest_route=%2Fwp%2Fv2%2Ftags&post=834"}],"curies":[{"name":"wp","href":"https:\/\/api.w.org\/{rel}","templated":true}]}}