{"id":825,"date":"2013-12-06T16:00:53","date_gmt":"2013-12-06T15:00:53","guid":{"rendered":"http:\/\/www.stendhal.fr\/?p=825"},"modified":"2013-12-10T15:50:12","modified_gmt":"2013-12-10T14:50:12","slug":"relire-le-rouge-et-le-noir-sous-la-direction-de-bourdenet-xavier-glaudes-pierre-vanoosthuyse-francois","status":"publish","type":"post","link":"https:\/\/stendhal.fr\/?p=825","title":{"rendered":"Relire Le Rouge et le Noir Sous la direction de: Bourdenet (Xavier), Glaudes (Pierre), Vanoosthuyse (Fran\u00e7ois)"},"content":{"rendered":"<p style=\"text-align: center;\"><strong><em>Relire Le Rouge et le Noir<\/em><\/strong><br \/>\n<strong>Sous la direction de:<\/strong><br \/>\n<strong>Bourdenet (Xavier), Glaudes (Pierre), Vanoosthuyse (Fran\u00e7ois)<\/strong><\/p>\n<p style=\"text-align: center;\"><iframe loading=\"lazy\" style=\"width: 120px; height: 240px;\" src=\"http:\/\/rcm-eu.amazon-adsystem.com\/e\/cm?t=sitesten-21&amp;o=8&amp;p=8&amp;l=as1&amp;asins=2812420839&amp;ref=tf_til&amp;fc1=000000&amp;IS2=1&amp;lt1=_blank&amp;m=amazon&amp;lc1=0000FF&amp;bc1=000000&amp;bg1=FFFFFF&amp;f=ifr\" height=\"240\" width=\"320\" frameborder=\"0\" marginwidth=\"0\" marginheight=\"0\" scrolling=\"no\"><\/iframe><\/p>\n<p style=\"text-align: center;\">Collection Rencontres N\u00b0 67<br \/>\n\u00c9tudes dix-neuvi\u00e9mistes N\u00b0\u00a0 19<\/p>\n<p>R\u00e9unissant une vingtaine de sp\u00e9cialistes de Stendhal et du roman du XIXe si\u00e8cle, ce volume est un aper\u00e7u des enjeux de la critique \u00abrougiste\u00bb aujourd&rsquo;hui.<\/p>\n<p><a title=\"Table\" href=\"http:\/\/www.classiques-garnier.com\/editions-tabmats\/XbtMS01_tabmat.pdf\" target=\"_blank\">Table des mati\u00e8res<\/a><\/p>\n<p>ISBN 978-2-8124-2083-2<br \/>\nEAN 9782812420832<br \/>\nParis<br \/>\n27\/11\/2013<br \/>\n15 x 22 x 2,1 cm<br \/>\n385 pages<br \/>\nPrix unitaire: 32.00 \u20ac TTC<\/p>\n<p>Classiques Garnier<\/p>\n<p><a title=\"Garnier\" href=\"http:\/\/www.classiques-garnier.com\/editions\/index.php?option=com_virtuemart&amp;page=shop.product_details&amp;flypage=flypage_garnier.tpl&amp;product_id=1392\" target=\"_blank\">http:\/\/www.classiques-garnier.com\/editions\/index.php?option=com_virtuemart&amp;page=shop.product_details&amp;flypage=flypage_garnier.tpl&amp;product_id=1392<\/a><\/p>\n","protected":false},"excerpt":{"rendered":"<p>Relire Le Rouge et le Noir Sous la direction de: Bourdenet (Xavier), Glaudes (Pierre), Vanoosthuyse (Fran\u00e7ois) Collection Rencontres N\u00b0 67 \u00c9tudes dix-neuvi\u00e9mistes N\u00b0\u00a0 19 R\u00e9unissant une vingtaine de sp\u00e9cialistes de Stendhal et du roman du XIXe si\u00e8cle, ce volume est &hellip; <a href=\"https:\/\/stendhal.fr\/?p=825\">Continuer la lecture <span class=\"meta-nav\">&rarr;<\/span><\/a><\/p>\n","protected":false},"author":1,"featured_media":0,"comment_status":"closed","ping_status":"closed","sticky":false,"template":"","format":"standard","meta":{"jetpack_post_was_ever_published":false,"_jetpack_newsletter_access":"","_jetpack_dont_email_post_to_subs":false,"_jetpack_newsletter_tier_id":0,"_jetpack_memberships_contains_paywalled_content":false,"_jetpack_memberships_contains_paid_content":false,"footnotes":"","jetpack_publicize_message":"","jetpack_publicize_feature_enabled":true,"jetpack_social_post_already_shared":true,"jetpack_social_options":{"image_generator_settings":{"template":"highway","default_image_id":0,"font":"","enabled":false},"version":2}},"categories":[2],"tags":[],"class_list":["post-825","post","type-post","status-publish","format-standard","hentry","category-nouvelles-publications"],"jetpack_publicize_connections":[],"jetpack_featured_media_url":"","jetpack_sharing_enabled":true,"jetpack_shortlink":"https:\/\/wp.me\/p34K8b-dj","jetpack_likes_enabled":true,"_links":{"self":[{"href":"https:\/\/stendhal.fr\/index.php?rest_route=\/wp\/v2\/posts\/825","targetHints":{"allow":["GET"]}}],"collection":[{"href":"https:\/\/stendhal.fr\/index.php?rest_route=\/wp\/v2\/posts"}],"about":[{"href":"https:\/\/stendhal.fr\/index.php?rest_route=\/wp\/v2\/types\/post"}],"author":[{"embeddable":true,"href":"https:\/\/stendhal.fr\/index.php?rest_route=\/wp\/v2\/users\/1"}],"replies":[{"embeddable":true,"href":"https:\/\/stendhal.fr\/index.php?rest_route=%2Fwp%2Fv2%2Fcomments&post=825"}],"version-history":[{"count":6,"href":"https:\/\/stendhal.fr\/index.php?rest_route=\/wp\/v2\/posts\/825\/revisions"}],"predecessor-version":[{"id":840,"href":"https:\/\/stendhal.fr\/index.php?rest_route=\/wp\/v2\/posts\/825\/revisions\/840"}],"wp:attachment":[{"href":"https:\/\/stendhal.fr\/index.php?rest_route=%2Fwp%2Fv2%2Fmedia&parent=825"}],"wp:term":[{"taxonomy":"category","embeddable":true,"href":"https:\/\/stendhal.fr\/index.php?rest_route=%2Fwp%2Fv2%2Fcategories&post=825"},{"taxonomy":"post_tag","embeddable":true,"href":"https:\/\/stendhal.fr\/index.php?rest_route=%2Fwp%2Fv2%2Ftags&post=825"}],"curies":[{"name":"wp","href":"https:\/\/api.w.org\/{rel}","templated":true}]}}