{"id":822,"date":"2013-12-06T15:50:23","date_gmt":"2013-12-06T14:50:23","guid":{"rendered":"http:\/\/www.stendhal.fr\/?p=822"},"modified":"2013-12-10T15:54:31","modified_gmt":"2013-12-10T14:54:31","slug":"le-rouge-et-le-noir-de-stendhal-lectures-critiques-sous-la-direction-de-martine-reid","status":"publish","type":"post","link":"https:\/\/stendhal.fr\/?p=822","title":{"rendered":"\u00ab\u00a0Le Rouge et le Noir\u00a0\u00bb de Stendhal &#8211; Lectures critiques Sous la direction de Martine Reid"},"content":{"rendered":"<p style=\"text-align: center;\"><strong><em>\u00ab\u00a0Le Rouge et le Noir\u00a0\u00bb\u00a0de Stendhal &#8211; Lectures critiques<\/em><\/strong><br \/>\n<strong>Sous la direction de Martine Reid<\/strong><\/p>\n<p style=\"text-align: center;\"><iframe loading=\"lazy\" style=\"width: 120px; height: 240px;\" src=\"http:\/\/rcm-eu.amazon-adsystem.com\/e\/cm?t=sitesten-21&amp;o=8&amp;p=8&amp;l=as1&amp;asins=2812420863&amp;ref=tf_til&amp;fc1=000000&amp;IS2=1&amp;lt1=_blank&amp;m=amazon&amp;lc1=0000FF&amp;bc1=000000&amp;bg1=FFFFFF&amp;f=ifr\" height=\"240\" width=\"320\" frameborder=\"0\" marginwidth=\"0\" marginheight=\"0\" scrolling=\"no\"><\/iframe><\/p>\n<p style=\"text-align: center;\">Classiques Garnier, collection \u00ab\u00a0Rencontres\u00a0\u00bb, 2013.<br \/>\n246 pages,\u00a029.00 \u20ac<br \/>\nEAN13\u00a0: 9782812420863.<\/p>\n<p>Convoquant des sp\u00e9cialistes de litt\u00e9rature fran\u00e7ais et \u00e9trangers ainsi que des chercheurs venus d&rsquo;autres disciplines (histoire, histoire de l&rsquo;art et du livre, cin\u00e9ma), cet ouvrage interroge de fa\u00e7on originale l&rsquo;un des romans les plus lus et les plus comment\u00e9s de la litt\u00e9rature fran\u00e7aise.<\/p>\n<p>Consulter la\u00a0<a title=\"Table\" href=\"http:\/\/www.classiques-garnier.com\/editions-tabmats\/MnrMS01_tabmat.pdf\" target=\"_blank\">Table des mati\u00e8res<\/a><\/p>\n<p><a title=\"Garnier\" href=\"http:\/\/www.classiques-garnier.com\/editions\/index.php?page=shop.product_details&amp;flypage=flypage_garnier.tpl&amp;product_id=1391&amp;category_id=10&amp;keyword=Le+Rouge+et+le+Noir+de+Stendhal&amp;option=com_virtuemart&amp;Itemid=1\" target=\"_blank\">http:\/\/www.classiques-garnier.com\/editions\/index.php?page=shop.product_details&amp;flypage=flypage_garnier.tpl&amp;product_id=1391&amp;category_id=10&amp;keyword=Le+Rouge+et+le+Noir+de+Stendhal&amp;option=com_virtuemart&amp;Itemid=1<\/a><\/p>\n<p>Adresse : 6, rue de la Sorbonne 75005 PARIS<\/p>\n","protected":false},"excerpt":{"rendered":"<p>\u00ab\u00a0Le Rouge et le Noir\u00a0\u00bb\u00a0de Stendhal &#8211; Lectures critiques Sous la direction de Martine Reid Classiques Garnier, collection \u00ab\u00a0Rencontres\u00a0\u00bb, 2013. 246 pages,\u00a029.00 \u20ac EAN13\u00a0: 9782812420863. Convoquant des sp\u00e9cialistes de litt\u00e9rature fran\u00e7ais et \u00e9trangers ainsi que des chercheurs venus d&rsquo;autres disciplines &hellip; <a href=\"https:\/\/stendhal.fr\/?p=822\">Continuer la lecture <span class=\"meta-nav\">&rarr;<\/span><\/a><\/p>\n","protected":false},"author":1,"featured_media":0,"comment_status":"closed","ping_status":"closed","sticky":false,"template":"","format":"standard","meta":{"jetpack_post_was_ever_published":false,"_jetpack_newsletter_access":"","_jetpack_dont_email_post_to_subs":false,"_jetpack_newsletter_tier_id":0,"_jetpack_memberships_contains_paywalled_content":false,"_jetpack_memberships_contains_paid_content":false,"footnotes":"","jetpack_publicize_message":"","jetpack_publicize_feature_enabled":true,"jetpack_social_post_already_shared":true,"jetpack_social_options":{"image_generator_settings":{"template":"highway","default_image_id":0,"font":"","enabled":false},"version":2}},"categories":[2],"tags":[],"class_list":["post-822","post","type-post","status-publish","format-standard","hentry","category-nouvelles-publications"],"jetpack_publicize_connections":[],"jetpack_featured_media_url":"","jetpack_sharing_enabled":true,"jetpack_shortlink":"https:\/\/wp.me\/p34K8b-dg","jetpack_likes_enabled":true,"_links":{"self":[{"href":"https:\/\/stendhal.fr\/index.php?rest_route=\/wp\/v2\/posts\/822","targetHints":{"allow":["GET"]}}],"collection":[{"href":"https:\/\/stendhal.fr\/index.php?rest_route=\/wp\/v2\/posts"}],"about":[{"href":"https:\/\/stendhal.fr\/index.php?rest_route=\/wp\/v2\/types\/post"}],"author":[{"embeddable":true,"href":"https:\/\/stendhal.fr\/index.php?rest_route=\/wp\/v2\/users\/1"}],"replies":[{"embeddable":true,"href":"https:\/\/stendhal.fr\/index.php?rest_route=%2Fwp%2Fv2%2Fcomments&post=822"}],"version-history":[{"count":4,"href":"https:\/\/stendhal.fr\/index.php?rest_route=\/wp\/v2\/posts\/822\/revisions"}],"predecessor-version":[{"id":841,"href":"https:\/\/stendhal.fr\/index.php?rest_route=\/wp\/v2\/posts\/822\/revisions\/841"}],"wp:attachment":[{"href":"https:\/\/stendhal.fr\/index.php?rest_route=%2Fwp%2Fv2%2Fmedia&parent=822"}],"wp:term":[{"taxonomy":"category","embeddable":true,"href":"https:\/\/stendhal.fr\/index.php?rest_route=%2Fwp%2Fv2%2Fcategories&post=822"},{"taxonomy":"post_tag","embeddable":true,"href":"https:\/\/stendhal.fr\/index.php?rest_route=%2Fwp%2Fv2%2Ftags&post=822"}],"curies":[{"name":"wp","href":"https:\/\/api.w.org\/{rel}","templated":true}]}}