{"id":816,"date":"2013-12-03T15:51:41","date_gmt":"2013-12-03T14:51:41","guid":{"rendered":"http:\/\/www.stendhal.fr\/?p=816"},"modified":"2013-12-03T15:52:43","modified_gmt":"2013-12-03T14:52:43","slug":"maurice-merleau-ponty-%e2%80%8arecherches-sur-lusage-litteraire-du-langage%e2%80%8a","status":"publish","type":"post","link":"https:\/\/stendhal.fr\/?p=816","title":{"rendered":"Maurice Merleau-Ponty \u00ab?Recherches sur l\u2019usage litt\u00e9raire du langage?\u00bb"},"content":{"rendered":"<p style=\"text-align: center;\">Maurice Merleau-Ponty<\/p>\n<p style=\"text-align: center;\">RECHERCHES SUR L&rsquo;USAGE LITT\u00c9RAIRE DU LANGAGE<br \/>\nCours au Coll\u00e8ge de France<br \/>\nNotes, 1953<\/p>\n<p style=\"text-align: center;\"><a href=\"http:\/\/www.stendhal.fr\/wp-content\/2013\/12\/Merleau-Ponty.png\"><img loading=\"lazy\" decoding=\"async\" class=\"alignnone size-medium wp-image-817\" alt=\"Merleau-Ponty\" src=\"http:\/\/www.stendhal.fr\/wp-content\/2013\/12\/Merleau-Ponty-200x300.png\" width=\"200\" height=\"300\" srcset=\"https:\/\/stendhal.fr\/wp-content\/2013\/12\/Merleau-Ponty-200x300.png 200w, https:\/\/stendhal.fr\/wp-content\/2013\/12\/Merleau-Ponty.png 600w\" sizes=\"auto, (max-width: 200px) 100vw, 200px\" \/><\/a><\/p>\n<p style=\"text-align: center;\">\u00c9diteur(s) scientifique(s):\u00a0 Benedetta Zaccarello \/ Emmanuel de Saint Aubert<br \/>\nCollection:\u00a0CHAMPCONTRECHAMP<br \/>\nISBN: 978-2-94-0406-83-8<br \/>\nDate de publication: 7.11.2013<br \/>\nNombre de pages: 256<br \/>\n36 CHF \u00a0\u2022 \u00a028 \u20ac<\/p>\n<p style=\"text-align: center;\"><a title=\"Metipress\" href=\"http:\/\/www.metispresses.ch\/shop\/recherches-lusage-litteraire-du-langage\/\" target=\"_blank\">www.metispresses.ch<\/a><\/p>\n<p><strong>Le second cours de Maurice Merleau-Ponty<\/strong>\u00a0 donn\u00e9 au Coll\u00e8ge de France en 1953.<\/p>\n<p>Prononc\u00e9 parall\u00e8lement aux le\u00e7ons sur \u00ab?Le monde sensible et le monde de l\u2019expression?\u00bb lors de la premi\u00e8re ann\u00e9e d\u2019enseignement de Merleau-Ponty au Coll\u00e8ge de France (1953), le cours intitul\u00e9 \u00ab?Recherches sur l\u2019usage litt\u00e9raire du langage?\u00bb d\u00e9veloppe un questionnement sur la litt\u00e9rature, mais aussi, \u00e0 travers elle, sur la relation entre exp\u00e9rience et parole, entre existence et discours. <strong>Au prisme de deux figures d\u2019\u00e9crivain consid\u00e9r\u00e9es comme embl\u00e9matiques, Val\u00e9ry et Stendhal,<\/strong> l\u2019auteur analyse l\u2019\u00e9volution du r\u00f4le et des potentiels de la parole litt\u00e9raire. Au tournant de l\u2019\u00e9poque \u00ab?moderne?\u00bb (selon une d\u00e9finition que Merleau-Ponty avait auparavant appliqu\u00e9e \u00e0 la peinture), il revient \u00e0 la litt\u00e9rature de r\u00e9v\u00e9ler la plasticit\u00e9 de tout langage, ainsi que la \u00ab?fonction conqu\u00e9rante?\u00bb d\u2019une parole soustraite aux usages habituels et rendue, par l\u2019\u00e9preuve de l\u2019\u00e9criture, \u00e0 sa capacit\u00e9 \u00e0 dire ce qui n\u2019avait pas \u00e9t\u00e9 jusque l\u00e0 exprim\u00e9. Par l\u00e0, la litt\u00e9rature devient non seulement un exemple de travail sur et par le langage \u2014 devan\u00e7ant en ce sens les acquis de la philosophie \u2014, mais aussi un lieu d\u2019interrogation des dynamiques propres \u00e0 l\u2019histoire et \u00e0 la culture.<\/p>\n<p>Texte \u00e9tabli par Benedetta Zaccarello et Emmanuel de Saint-Aubert<\/p>\n<p>Annotations et avant-propos de Benedetta Zaccarello<\/p>\n<p>Sommaire:<\/p>\n<p style=\"text-align: left;\">Avant-propos, par Benedetta Zaccarello \u00a09<\/p>\n<p style=\"text-align: left;\">?Note des \u00e9diteurs \u00a053<\/p>\n<p style=\"text-align: left;\">Table des mati\u00e8res de la pr\u00e9paration du cours 55<\/p>\n<p style=\"text-align: left;\">?Brouillon du r\u00e9sum\u00e9 de cours \u00a061<\/p>\n<p style=\"text-align: left;\">Notes pr\u00e9paratoires du cours \u00a069<\/p>\n<p style=\"text-align: left;\">Annexe??: \u00ab?Sartre \u2013 Parain???\u00bb, notes de lecture \u00a0227<\/p>\n<p style=\"text-align: left;\">Liste des notes de lecture \u00a0239<\/p>\n<p style=\"text-align: left;\">?Bibliographie \u00a0241<\/p>\n<p style=\"text-align: left;\">Index \u00a0247<\/p>\n","protected":false},"excerpt":{"rendered":"<p>Maurice Merleau-Ponty RECHERCHES SUR L&rsquo;USAGE LITT\u00c9RAIRE DU LANGAGE Cours au Coll\u00e8ge de France Notes, 1953 \u00c9diteur(s) scientifique(s):\u00a0 Benedetta Zaccarello \/ Emmanuel de Saint Aubert Collection:\u00a0CHAMPCONTRECHAMP ISBN: 978-2-94-0406-83-8 Date de publication: 7.11.2013 Nombre de pages: 256 36 CHF \u00a0\u2022 \u00a028 \u20ac &hellip; <a href=\"https:\/\/stendhal.fr\/?p=816\">Continuer la lecture <span class=\"meta-nav\">&rarr;<\/span><\/a><\/p>\n","protected":false},"author":1,"featured_media":0,"comment_status":"closed","ping_status":"closed","sticky":false,"template":"","format":"standard","meta":{"jetpack_post_was_ever_published":false,"_jetpack_newsletter_access":"","_jetpack_dont_email_post_to_subs":false,"_jetpack_newsletter_tier_id":0,"_jetpack_memberships_contains_paywalled_content":false,"_jetpack_memberships_contains_paid_content":false,"footnotes":"","jetpack_publicize_message":"","jetpack_publicize_feature_enabled":true,"jetpack_social_post_already_shared":true,"jetpack_social_options":{"image_generator_settings":{"template":"highway","default_image_id":0,"font":"","enabled":false},"version":2}},"categories":[2],"tags":[],"class_list":["post-816","post","type-post","status-publish","format-standard","hentry","category-nouvelles-publications"],"jetpack_publicize_connections":[],"jetpack_featured_media_url":"","jetpack_sharing_enabled":true,"jetpack_shortlink":"https:\/\/wp.me\/p34K8b-da","jetpack_likes_enabled":true,"_links":{"self":[{"href":"https:\/\/stendhal.fr\/index.php?rest_route=\/wp\/v2\/posts\/816","targetHints":{"allow":["GET"]}}],"collection":[{"href":"https:\/\/stendhal.fr\/index.php?rest_route=\/wp\/v2\/posts"}],"about":[{"href":"https:\/\/stendhal.fr\/index.php?rest_route=\/wp\/v2\/types\/post"}],"author":[{"embeddable":true,"href":"https:\/\/stendhal.fr\/index.php?rest_route=\/wp\/v2\/users\/1"}],"replies":[{"embeddable":true,"href":"https:\/\/stendhal.fr\/index.php?rest_route=%2Fwp%2Fv2%2Fcomments&post=816"}],"version-history":[{"count":2,"href":"https:\/\/stendhal.fr\/index.php?rest_route=\/wp\/v2\/posts\/816\/revisions"}],"predecessor-version":[{"id":819,"href":"https:\/\/stendhal.fr\/index.php?rest_route=\/wp\/v2\/posts\/816\/revisions\/819"}],"wp:attachment":[{"href":"https:\/\/stendhal.fr\/index.php?rest_route=%2Fwp%2Fv2%2Fmedia&parent=816"}],"wp:term":[{"taxonomy":"category","embeddable":true,"href":"https:\/\/stendhal.fr\/index.php?rest_route=%2Fwp%2Fv2%2Fcategories&post=816"},{"taxonomy":"post_tag","embeddable":true,"href":"https:\/\/stendhal.fr\/index.php?rest_route=%2Fwp%2Fv2%2Ftags&post=816"}],"curies":[{"name":"wp","href":"https:\/\/api.w.org\/{rel}","templated":true}]}}