{"id":812,"date":"2013-11-28T10:48:53","date_gmt":"2013-11-28T09:48:53","guid":{"rendered":"http:\/\/www.stendhal.fr\/?p=812"},"modified":"2021-10-14T15:07:20","modified_gmt":"2021-10-14T14:07:20","slug":"812","status":"publish","type":"post","link":"https:\/\/stendhal.fr\/?p=812","title":{"rendered":"Lectures de Stendhal Le Rouge et le Noir Xavier Bourdenet (dir.)"},"content":{"rendered":"<p style=\"text-align: center;\"><strong>Lectures de Stendhal<\/strong><br \/>\n<strong><em>Le Rouge et le Noir<\/em><\/strong><br \/>\n<strong>Xavier Bourdenet (dir.)<\/strong><\/p>\n<p style=\"text-align: center;\"><iframe loading=\"lazy\" style=\"width: 120px; height: 240px;\" src=\"http:\/\/rcm-eu.amazon-adsystem.com\/e\/cm?t=sitesten-21&amp;o=8&amp;p=8&amp;l=as1&amp;asins=2753528136&amp;ref=tf_til&amp;fc1=000000&amp;IS2=1&amp;lt1=_blank&amp;m=amazon&amp;lc1=0000FF&amp;bc1=000000&amp;bg1=FFFFFF&amp;f=ifr\" marginwidth=\"0\" marginheight=\"0\" scrolling=\"no\" width=\"320\" height=\"240\" frameborder=\"0\"><\/iframe><\/p>\n<p style=\"text-align: center;\">2013<br \/>\n<a title=\"PUR\" href=\"http:\/\/www.pur-editions.fr\/detail.php?idOuv=3337\" target=\"_blank\" rel=\"noopener\">Presses Universitaires de Rennes<\/a><\/p>\n<p>Domaines : Litt\u00e9rature XIXe si\u00e8cle, Agr\u00e9gation Lettres<br \/>\nCollection : Didact Fran\u00e7ais<\/p>\n<p>Format : 15,5 x 24 cm? Nombre de pages : 268 p.<br \/>\nISBN : 978-2-7535-2813-0<br \/>\nDisponibilit\u00e9 : en librairie? Prix : 16,00 \u20ac<\/p>\n<p style=\"text-align: left;\">Sommaire:<br \/>\n\u00ab&nbsp;Chronique de 1830&nbsp;\u00bb<br \/>\nPersonnel romanesque et usages du monde<br \/>\nRoman et romanesque<br \/>\n\u00c9nonciation, structuration, r\u00e9ception<\/p>\n<p>Ce manuel propose de nouveaux \u00e9clairages sur <em>Le Rouge et le Noir<\/em>, roman hors norme devenu un des classiques de la litt\u00e9rature europ\u00e9enne. Il tente notamment de donner sens \u00e0 son sous-titre (\u00ab Chronique de 1830 \u00bb), envisage sa relation probl\u00e9matique aux sch\u00e9mas du roman d\u2019apprentissage, interroge son lien aux traditions romanesques et analyse la nouveaut\u00e9 de ses dispositifs \u00e9nonciatifs, structuraux et stylistiques.<\/p>\n<p style=\"text-align: left;\"><strong>Xavier Bourdenet<\/strong> est ma\u00eetre de conf\u00e9rences \u00e0 l\u2019ESPE de Paris (universit\u00e9 Paris-Sorbonne). Sp\u00e9cialiste de Stendhal, auquel il a consacr\u00e9 de nombreuses \u00e9tudes, il collabore \u00e0 l\u2019\u00e9dition des \u0153uvres romanesques compl\u00e8tes de cet auteur (Biblioth\u00e8que de la Pl\u00e9iade), a r\u00e9cemment co-\u00e9dit\u00e9 <em>Enqu\u00eates sur les \u00ab&nbsp;Promenades dans Rome&nbsp;\u00bb<\/em> (ELLUG, 2011) et dirige la \u00ab&nbsp;S\u00e9rie Stendhal&nbsp;\u00bb des Classiques Garnier.<\/p>\n<p style=\"text-align: left;\">Documents \u00e0 consulter sur le site des Presses Universitaires de Rennes:<\/p>\n<p><a title=\"PUR\" href=\"http:\/\/www.pur-editions.fr\/detail.php?idOuv=3337\" target=\"_blank\" rel=\"noopener\">http:\/\/www.pur-editions.fr\/detail.php?idOuv=3337<\/a><\/p>\n","protected":false},"excerpt":{"rendered":"<p>Lectures de Stendhal Le Rouge et le Noir Xavier Bourdenet (dir.) 2013 Presses Universitaires de Rennes Domaines : Litt\u00e9rature XIXe si\u00e8cle, Agr\u00e9gation Lettres Collection : Didact Fran\u00e7ais Format : 15,5 x 24 cm? Nombre de pages : 268 p. ISBN &hellip; <a href=\"https:\/\/stendhal.fr\/?p=812\">Continuer la lecture <span class=\"meta-nav\">&rarr;<\/span><\/a><\/p>\n","protected":false},"author":1,"featured_media":0,"comment_status":"closed","ping_status":"closed","sticky":false,"template":"","format":"standard","meta":{"jetpack_post_was_ever_published":false,"_jetpack_newsletter_access":"","_jetpack_dont_email_post_to_subs":false,"_jetpack_newsletter_tier_id":0,"_jetpack_memberships_contains_paywalled_content":false,"_jetpack_memberships_contains_paid_content":false,"footnotes":"","jetpack_publicize_message":"","jetpack_publicize_feature_enabled":true,"jetpack_social_post_already_shared":true,"jetpack_social_options":{"image_generator_settings":{"template":"highway","default_image_id":0,"font":"","enabled":false},"version":2}},"categories":[2],"tags":[],"class_list":["post-812","post","type-post","status-publish","format-standard","hentry","category-nouvelles-publications"],"jetpack_publicize_connections":[],"jetpack_featured_media_url":"","jetpack_sharing_enabled":true,"jetpack_shortlink":"https:\/\/wp.me\/s34K8b-812","jetpack_likes_enabled":true,"_links":{"self":[{"href":"https:\/\/stendhal.fr\/index.php?rest_route=\/wp\/v2\/posts\/812","targetHints":{"allow":["GET"]}}],"collection":[{"href":"https:\/\/stendhal.fr\/index.php?rest_route=\/wp\/v2\/posts"}],"about":[{"href":"https:\/\/stendhal.fr\/index.php?rest_route=\/wp\/v2\/types\/post"}],"author":[{"embeddable":true,"href":"https:\/\/stendhal.fr\/index.php?rest_route=\/wp\/v2\/users\/1"}],"replies":[{"embeddable":true,"href":"https:\/\/stendhal.fr\/index.php?rest_route=%2Fwp%2Fv2%2Fcomments&post=812"}],"version-history":[{"count":6,"href":"https:\/\/stendhal.fr\/index.php?rest_route=\/wp\/v2\/posts\/812\/revisions"}],"predecessor-version":[{"id":1540,"href":"https:\/\/stendhal.fr\/index.php?rest_route=\/wp\/v2\/posts\/812\/revisions\/1540"}],"wp:attachment":[{"href":"https:\/\/stendhal.fr\/index.php?rest_route=%2Fwp%2Fv2%2Fmedia&parent=812"}],"wp:term":[{"taxonomy":"category","embeddable":true,"href":"https:\/\/stendhal.fr\/index.php?rest_route=%2Fwp%2Fv2%2Fcategories&post=812"},{"taxonomy":"post_tag","embeddable":true,"href":"https:\/\/stendhal.fr\/index.php?rest_route=%2Fwp%2Fv2%2Ftags&post=812"}],"curies":[{"name":"wp","href":"https:\/\/api.w.org\/{rel}","templated":true}]}}