{"id":775,"date":"2013-09-30T16:46:48","date_gmt":"2013-09-30T15:46:48","guid":{"rendered":"http:\/\/www.stendhal.fr\/?p=775"},"modified":"2013-11-11T15:05:39","modified_gmt":"2013-11-11T14:05:39","slug":"%ef%bb%bfidees-italiennes-sur-quelques-tableaux-celebres-abraham-constantinstendhal","status":"publish","type":"post","link":"https:\/\/stendhal.fr\/?p=775","title":{"rendered":"?Id\u00e9es italiennes sur quelques tableaux c\u00e9l\u00e8bres : Abraham Constantin\/Stendhal"},"content":{"rendered":"<p style=\"text-align: center;\"><em><strong>Id\u00e9es italiennes sur quelques tableaux c\u00e9l\u00e8bres <\/strong><\/em><\/p>\n<p style=\"text-align: center;\"><strong>Abraham Constantin\/Stendhal<\/strong><\/p>\n<p style=\"text-align: center;\"><a href=\"http:\/\/www.stendhal.fr\/wp-content\/2013\/09\/Ide?es-italiennes_.jpg\"><img loading=\"lazy\" decoding=\"async\" class=\"alignnone size-medium wp-image-778\" alt=\"Ide?es italiennes_\" src=\"http:\/\/www.stendhal.fr\/wp-content\/2013\/09\/Ide?es-italiennes_-180x300.jpg\" width=\"180\" height=\"300\" \/><\/a><\/p>\n<p><em><\/em>\u00c8dition \u00e9tablie et pr\u00e9sent\u00e9e par Sandra Teroni et H\u00e9l\u00e8ne de Jacquelot.Pr\u00e9face de Fran\u00e7ois-Ren\u00e9 Martin et Pierre Wat.<\/p>\n<p>Stendhal, passionn\u00e9 par l&rsquo;Italie, y fit de nombreux s\u00e9jours tandis que le peintre Abraham Constantin \u00e9ditait en 1840 \u00e0 Florence les <em>Id\u00e9es italiennes sur quelques tableaux c\u00e9l\u00e8bres<\/em>, tour \u00e0 tour attribu\u00e9 \u00e0 l&rsquo;un ou \u00e0 l&rsquo;autre.<\/p>\n<p>L&rsquo;objet de cet ouvrage, abondamment illustr\u00e9 de tableaux c\u00e9l\u00e8bres, est de r\u00e9tablir la v\u00e9rit\u00e9 des fait et de pr\u00e9ciser la paternit\u00e9 de ses contributions.<\/p>\n<p>Publi\u00e9 en 1840 par Vieusseux \u00e0 Florence sous le seul nom d\u2019Abraham Constantin, <em>Id\u00e9es italiennes sur quelques tableaux c\u00e9l\u00e8bres<\/em> figure dans diff\u00e9rentes \u00e9ditions des <em>\u0152uvres compl\u00e8tes<\/em> de Stendhal sans mention du nom de Constantin, et ce apr\u00e8s la d\u00e9couverte de documents stendhaliens, conserv\u00e9s \u00e0 la Biblioth\u00e8que municipale de Grenoble et dans les archives du Cabinet Scientifique-litt\u00e9raire Vieusseux de Florence. Les abondant mat\u00e9riaux in\u00e9dits trouv\u00e9s dans le Fonds Constantin de la Biblioth\u00e8que de Gen\u00e8ve compl\u00e8tent ce corpus. Cet ensemble complexe et totalement in\u00e9dit documente toutes les phases de la r\u00e9alisation du livre, du manuscrit primitif de Constantin jusqu\u2019\u00e0 la correction des \u00e9preuves. Ce qui nous a permis de r\u00e9aliser une \u00e9dition critique et g\u00e9n\u00e9tique qui explicite et d\u00e9termine la nature, l\u2019ampleur et les modalit\u00e9s de la collaboration de Stendhal, ainsi que la singularit\u00e9 de cette \u00e9criture \u00e0 quatre mains. Le cas est doublement singulier parce qu\u2019il ne reste presque plus de traces manuscrites pour la plupart des \u0153uvres publi\u00e9es du vivant de Stendhal.<br \/>\nDans ce livre, qui est une sorte de suite de l\u2019<em>Histoire de la peinture en Italie<\/em> et des <em>Promenades dans Rome<\/em>, Stendhal exprime en toute libert\u00e9 et pour la derni\u00e8re fois, ses \u00ab id\u00e9es \u00bb sur Rome, sur la peinture et sur la n\u00e9cessit\u00e9 d\u2019une \u00e9ducation de l\u2019\u0153il \u00e0 l\u2019intention des voyageurs \u00e9trangers.<\/p>\n<p>En annexe est pr\u00e9sent\u00e9e la transcription du manuscrit initial de Constantin, avec les corrections et les ajouts de Stendhal, avec une chronologie de la gen\u00e8se du texte. Une abondante bibliographie compl\u00e8te l&rsquo;ouvrage, ainsi qu&rsquo;un index des noms.<\/p>\n<p><a href=\"http:\/\/www.beauxartsparis.com\/\" target=\"_blank\">Beaux arts de Paris les \u00e9ditions<\/a><br \/>\nCollection : D&rsquo;art en questions<br \/>\nISBN : 978-2-84056-381-5<br \/>\nPrix de vente :<br \/>\n25.00 \u20ac<br \/>\nLangue(s) : Fran\u00e7ais<br \/>\nFormat : 13 x 21 cm<br \/>\nNombre de pages : 470 p.<br \/>\nNombre d&rsquo;illustrations : 60 il. N\/B et coul.<br \/>\nFinition : broch\u00e9<br \/>\nDate de publication : 2013<\/p>\n<p style=\"text-align: center;\"><iframe loading=\"lazy\" style=\"width: 120px; height: 240px;\" src=\"http:\/\/rcm-eu.amazon-adsystem.com\/e\/cm?t=sitesten-21&amp;o=8&amp;p=8&amp;l=as1&amp;asins=2840563819&amp;ref=tf_til&amp;fc1=000000&amp;IS2=1&amp;lt1=_blank&amp;m=amazon&amp;lc1=0000FF&amp;bc1=000000&amp;bg1=FFFFFF&amp;f=ifr\" height=\"240\" width=\"320\" frameborder=\"0\" marginwidth=\"0\" marginheight=\"0\" scrolling=\"no\"><\/iframe><\/p>\n<p style=\"text-align: left;\">\n","protected":false},"excerpt":{"rendered":"<p>Id\u00e9es italiennes sur quelques tableaux c\u00e9l\u00e8bres Abraham Constantin\/Stendhal \u00c8dition \u00e9tablie et pr\u00e9sent\u00e9e par Sandra Teroni et H\u00e9l\u00e8ne de Jacquelot.Pr\u00e9face de Fran\u00e7ois-Ren\u00e9 Martin et Pierre Wat. Stendhal, passionn\u00e9 par l&rsquo;Italie, y fit de nombreux s\u00e9jours tandis que le peintre Abraham Constantin &hellip; <a href=\"https:\/\/stendhal.fr\/?p=775\">Continuer la lecture <span class=\"meta-nav\">&rarr;<\/span><\/a><\/p>\n","protected":false},"author":1,"featured_media":0,"comment_status":"closed","ping_status":"closed","sticky":false,"template":"","format":"standard","meta":{"jetpack_post_was_ever_published":false,"_jetpack_newsletter_access":"","_jetpack_dont_email_post_to_subs":false,"_jetpack_newsletter_tier_id":0,"_jetpack_memberships_contains_paywalled_content":false,"_jetpack_memberships_contains_paid_content":false,"footnotes":"","jetpack_publicize_message":"","jetpack_publicize_feature_enabled":true,"jetpack_social_post_already_shared":true,"jetpack_social_options":{"image_generator_settings":{"template":"highway","default_image_id":0,"font":"","enabled":false},"version":2}},"categories":[2],"tags":[],"class_list":["post-775","post","type-post","status-publish","format-standard","hentry","category-nouvelles-publications"],"jetpack_publicize_connections":[],"jetpack_featured_media_url":"","jetpack_sharing_enabled":true,"jetpack_shortlink":"https:\/\/wp.me\/p34K8b-cv","jetpack_likes_enabled":true,"_links":{"self":[{"href":"https:\/\/stendhal.fr\/index.php?rest_route=\/wp\/v2\/posts\/775","targetHints":{"allow":["GET"]}}],"collection":[{"href":"https:\/\/stendhal.fr\/index.php?rest_route=\/wp\/v2\/posts"}],"about":[{"href":"https:\/\/stendhal.fr\/index.php?rest_route=\/wp\/v2\/types\/post"}],"author":[{"embeddable":true,"href":"https:\/\/stendhal.fr\/index.php?rest_route=\/wp\/v2\/users\/1"}],"replies":[{"embeddable":true,"href":"https:\/\/stendhal.fr\/index.php?rest_route=%2Fwp%2Fv2%2Fcomments&post=775"}],"version-history":[{"count":7,"href":"https:\/\/stendhal.fr\/index.php?rest_route=\/wp\/v2\/posts\/775\/revisions"}],"predecessor-version":[{"id":779,"href":"https:\/\/stendhal.fr\/index.php?rest_route=\/wp\/v2\/posts\/775\/revisions\/779"}],"wp:attachment":[{"href":"https:\/\/stendhal.fr\/index.php?rest_route=%2Fwp%2Fv2%2Fmedia&parent=775"}],"wp:term":[{"taxonomy":"category","embeddable":true,"href":"https:\/\/stendhal.fr\/index.php?rest_route=%2Fwp%2Fv2%2Fcategories&post=775"},{"taxonomy":"post_tag","embeddable":true,"href":"https:\/\/stendhal.fr\/index.php?rest_route=%2Fwp%2Fv2%2Ftags&post=775"}],"curies":[{"name":"wp","href":"https:\/\/api.w.org\/{rel}","templated":true}]}}