{"id":753,"date":"2013-01-15T09:53:22","date_gmt":"2013-01-15T08:53:22","guid":{"rendered":"http:\/\/www.stendhal.fr\/?p=753"},"modified":"2013-07-01T10:01:42","modified_gmt":"2013-07-01T09:01:42","slug":"hb-revue-internationale-detudes-stendhaliennes-n-17","status":"publish","type":"post","link":"https:\/\/stendhal.fr\/?p=753","title":{"rendered":"HB Revue internationale d\u2019\u00e9tudes stendhaliennes, n\u00b0 17"},"content":{"rendered":"<p style=\"text-align: center;\"><strong><em>HB Revue internationale d\u2019\u00e9tudes stendhaliennes, n\u00b0 17<\/em>, 2013, <\/strong><\/p>\n<p style=\"text-align: center;\"><strong><a title=\"EUREDIT\" href=\"http:\/\/euredit-editions.com\/\" target=\"_blank\">EUREDIT <\/a><\/strong><\/p>\n<p style=\"text-align: center;\"><strong>Stendhal et l&rsquo;aristocratie Colloque Paris-Sorbonne 25 et 26 mars 2011.<\/strong><\/p>\n<p style=\"text-align: center;\"><strong>Textes r\u00e9unis et pr\u00e9sent\u00e9s par Michel Arrous.<\/strong><\/p>\n<p>D\u00e9cembre 2012, 483 p. 89 euros<\/p>\n<p style=\"text-align: left;\">\n<p>DOSSIER Pr\u00e9sentation par Michel Arrous Satire et d\u00e9l\u00e9gitimation des figures de l\u2019Ancien R\u00e9gime dans <em>Le Rouge et le Noir<\/em> par Brahim Karoui Le laconisme aristocratique dans <em>Lucien Leuwen<\/em> : discours et attitudes d\u2019une morale naturelle par Claire Deslauriers Une relecture de Duclos : Stendhal et la politique aristocratique par Elisabeth Scheele De la concurrence des mod\u00e8les comique et tragique dans <em>Armance<\/em> : la fabrique litt\u00e9raire d\u2019une exigence de noblesse, de l\u2019h\u00e9ro\u00efsme \u00e0 la monstruosit\u00e9 par Audrey Giboux \u00ab Les aristocrates \u00e0 la lanterne \u00bb ? L\u2019aristocratie chez Stendhal et Balzac par Max Andr\u00e9oli Aristocratie et jeux de Bourse chez Stendhal et Balzac par Brigitte M\u00e9ra Des aristocraties espagnoles par Andr\u00e9e Mansau La belle Mme d\u2019Hocquincourt par Suzel Esquier <em>La Chartreuse de Parme<\/em>, roman de l\u2019aristocratie par Maria Zani La politique dans <em>Armance<\/em> et <em>Lucien Leuwen<\/em> : le r\u00e8gne des salons et des fripons par Fran\u00e7oise-Marie Guinoiseau Le salon aristocratique dans <em>Armance<\/em> : un th\u00e9\u00e2tre oculaire par Sascha L\u00fcthy L\u2019aristocratie d\u2019une dame courtoise : <em>La Belle dame sans mercy<\/em> et <em>Le Rouge et le Noir<\/em> par Maria Vicenta Hern\u00e1ndez \u00c1lvarez La conversation et la parole aristocratiques dans le roman stendhalien par Pierrette Pavet <em>Carmen<\/em> chez la comtesse : l\u2019exp\u00e9rience de la vulgarit\u00e9 par Nicolas Perot Quelques sources possibles pour les personnages de <em>La Chartreuse de Parme<\/em> : g\u00e9n\u00e9alogie et histoires par L\u00e9a d\u2019Aleo Figure(s) de l\u2019aristocrat(i)e dans <em>Armance ou Quelques sc\u00e8nes d\u2019un salon de Paris en 1827<\/em> par M\u00e9k\u00e9 M\u00e9it\u00e9 La Sainte-Alliance \u00e0 l\u2019Op\u00e9ra : <em>Il Viaggio a Reims<\/em> vs <em>Le Rouge et le Noir<\/em> par Francis Claudon La formation aristocratique de Julien Sorel par Michel Crouzet VARIA Texte et variantes : au sujet du texte de base de l\u2019\u00e9dition Hetzel du <em>Rouge et le Noir<\/em> par Nobuhiro Takaki M\u00e9rim\u00e9e en Espagne : un voyageur imp\u00e9nitent ? par Thierry Ozwald La sprezzatura rossinienne dans la filiation du <em>Courtisan<\/em> de Baldassare Castiglione par Liliane Lascoux Jaubert de Passa \u2013 M\u00e9rim\u00e9e, les fruits partag\u00e9s d\u2019une heureuse rencontre par Jacques Saquer Autour des \u00e9l\u00e9ments picturaux dans <em>La Chartreuse de Parme<\/em>. Deux peintres parmesans par Ami Kobayashi <em>Lucien Leuwen<\/em>, roman du pouvoir par Michel Crouzet Stendhal, une solitude tr\u00e8s peupl\u00e9e par Michel Crouzet Parcours autobiographiques : Stendhal lecteur de Rousseau par Pascale Bolognini-Cent\u00e8ne Clair-obscur musical chez Stendhal par Liliane Lascoux NOTES Philippe et Minna ou une escapade \u00e0 Venise par Merete Gerlach-Nielsen L\u2019auteur du <em>Journal d\u2019un rat\u00e9<\/em> aime <em>Le Rouge et le Noir<\/em> par Pierrette Pavet Stendhal de retour \u00e0 Andilly par Michel Arrous Journ\u00e9es stendhaliennes des 12 et 13 octobre 2012 par Michel Arrous LIVRES<\/p>\n","protected":false},"excerpt":{"rendered":"<p>HB Revue internationale d\u2019\u00e9tudes stendhaliennes, n\u00b0 17, 2013, EUREDIT Stendhal et l&rsquo;aristocratie Colloque Paris-Sorbonne 25 et 26 mars 2011. Textes r\u00e9unis et pr\u00e9sent\u00e9s par Michel Arrous. D\u00e9cembre 2012, 483 p. 89 euros DOSSIER Pr\u00e9sentation par Michel Arrous Satire et d\u00e9l\u00e9gitimation &hellip; <a href=\"https:\/\/stendhal.fr\/?p=753\">Continuer la lecture <span class=\"meta-nav\">&rarr;<\/span><\/a><\/p>\n","protected":false},"author":1,"featured_media":0,"comment_status":"closed","ping_status":"closed","sticky":false,"template":"","format":"standard","meta":{"jetpack_post_was_ever_published":false,"_jetpack_newsletter_access":"","_jetpack_dont_email_post_to_subs":false,"_jetpack_newsletter_tier_id":0,"_jetpack_memberships_contains_paywalled_content":false,"_jetpack_memberships_contains_paid_content":false,"footnotes":"","jetpack_publicize_message":"","jetpack_publicize_feature_enabled":true,"jetpack_social_post_already_shared":true,"jetpack_social_options":{"image_generator_settings":{"template":"highway","default_image_id":0,"font":"","enabled":false},"version":2}},"categories":[2],"tags":[],"class_list":["post-753","post","type-post","status-publish","format-standard","hentry","category-nouvelles-publications"],"jetpack_publicize_connections":[],"jetpack_featured_media_url":"","jetpack_sharing_enabled":true,"jetpack_shortlink":"https:\/\/wp.me\/p34K8b-c9","jetpack_likes_enabled":true,"_links":{"self":[{"href":"https:\/\/stendhal.fr\/index.php?rest_route=\/wp\/v2\/posts\/753","targetHints":{"allow":["GET"]}}],"collection":[{"href":"https:\/\/stendhal.fr\/index.php?rest_route=\/wp\/v2\/posts"}],"about":[{"href":"https:\/\/stendhal.fr\/index.php?rest_route=\/wp\/v2\/types\/post"}],"author":[{"embeddable":true,"href":"https:\/\/stendhal.fr\/index.php?rest_route=\/wp\/v2\/users\/1"}],"replies":[{"embeddable":true,"href":"https:\/\/stendhal.fr\/index.php?rest_route=%2Fwp%2Fv2%2Fcomments&post=753"}],"version-history":[{"count":1,"href":"https:\/\/stendhal.fr\/index.php?rest_route=\/wp\/v2\/posts\/753\/revisions"}],"predecessor-version":[{"id":754,"href":"https:\/\/stendhal.fr\/index.php?rest_route=\/wp\/v2\/posts\/753\/revisions\/754"}],"wp:attachment":[{"href":"https:\/\/stendhal.fr\/index.php?rest_route=%2Fwp%2Fv2%2Fmedia&parent=753"}],"wp:term":[{"taxonomy":"category","embeddable":true,"href":"https:\/\/stendhal.fr\/index.php?rest_route=%2Fwp%2Fv2%2Fcategories&post=753"},{"taxonomy":"post_tag","embeddable":true,"href":"https:\/\/stendhal.fr\/index.php?rest_route=%2Fwp%2Fv2%2Ftags&post=753"}],"curies":[{"name":"wp","href":"https:\/\/api.w.org\/{rel}","templated":true}]}}