{"id":736,"date":"2013-05-27T15:01:17","date_gmt":"2013-05-27T14:01:17","guid":{"rendered":"http:\/\/www.stendhal.fr\/?p=736"},"modified":"2013-05-28T15:06:55","modified_gmt":"2013-05-28T14:06:55","slug":"journee-detude-editions-critiques-et-genetiques-en-rhone-alpes","status":"publish","type":"post","link":"https:\/\/stendhal.fr\/?p=736","title":{"rendered":"Journ\u00e9e d\u2019\u00e9tude \u00ab Editions critiques et g\u00e9n\u00e9tiques en Rh\u00f4ne-Alpes \u00bb"},"content":{"rendered":"<p style=\"text-align: center;\"><strong>Journ\u00e9e d\u2019\u00e9tude \u00ab\u00a0Editions critiques et g\u00e9n\u00e9tiques en Rh\u00f4ne-Alpes\u00a0\u00bb<\/strong><br \/>\n<strong>14 juin 2013 MSH-Alpes, Grenoble.<\/strong><\/p>\n<p style=\"text-align: left;\">\nMATIN:<br \/>\n9h30 : accueil (Chantal Massol, Directrice de l\u2019Ecole doctorale de l\u2019Universit\u00e9 Stendhal et de l\u2019\u00e9quipe d\u2019accueil Traverses 19-21)<\/p>\n<p>Pr\u00e9sidente : Chantal Massol<br \/>\n10h : Michel Lafon\u00a0\u00ab\u00a0Editer Borges. A propos de l&rsquo;\u00e9dition g\u00e9n\u00e9tique de deux manuscrits borg\u00e9siens (Jorge Luis Borges,\u00a0Deux fictions : <em>\u00ab\u00a0Tl\u00f6n, Uqbar, Orbis Tertius\u00a0\u00bb<\/em> et <em>\u00ab\u00a0El Sur\u00a0\u00bb<\/em>, Paris, P.U.F. &amp; Fondation Martin Bodmer, \u00ab\u00a0Sources\u00a0\u00bb, 2010)\u00a0\u00bb<\/p>\n<p>Pr\u00e9sident : Antony McKenna<br \/>\n10h30 : St\u00e9phanie Dord-Crousl\u00e9 \u00ab\u00a0Le dispositif \u00e9ditorial du corpus Bouvard\u00a0\u00bb<br \/>\n11h :\u00a0Alexandre Guilbaud et Ir\u00e8ne Passeron, avec la collaboration de Vincent Barrellon :\u00a0\u00ab\u00a0L&rsquo;\u00e9dition critique \u00e0 l&rsquo;\u00e8re du num\u00e9rique : pr\u00e9sentation d&rsquo;un projet pour <em>l&rsquo;Encyclop\u00e9die\u00a0<\/em>de Diderot et D&rsquo;Alembert (1751-1772)\u00a0\u00bb<\/p>\n<p>11h30-11h45 : discussion<\/p>\n<p>12h-14h : manifestation \u00e0 l&rsquo;occasion de la parution du tome 1 des <em>Journaux et Papiers.<\/em><br \/>\nInterventions de Dominique Rigaux (MSH-Alpes), Lise Dumasy (Universit\u00e9 Stendhal-Grenoble3), Eliane Baracetti (Ville de Grenoble)<br \/>\nPr\u00e9sentation des <em>Journaux et Papiers<\/em> de Stendhal, tome 1 (C\u00e9cile Meynard, H\u00e9l\u00e8ne de Jacquelot, Marie-Rose Corredor)<br \/>\n\u00ab\u00a0De Beyle \u00e0 Stendhal\u2026 Au fil de la plume, au fil de la vie\u00a0\u00bb, lecture d\u2019extraits de textes de Stendhal par Charlotte Avias et Volodia Piotrovitch d&rsquo;Orlik (\u00e9tudiants d\u2019Arts du Spectacle, Universit\u00e9 Stendhal-Grenoble 3)<br \/>\nBuffet<\/p>\n<p>APRES-MIDI:<br \/>\nPr\u00e9sidente : B\u00e9atrice Didier<br \/>\n14h15 : Thomas Lebarb\u00e9,\u00a0Marie-Rose Corredor, H\u00e9l\u00e8ne de Jacquelot,\u00a0C\u00e9cile Meynard \u00ab\u00a0Edition\u00a0\u00e9lectronique et imprim\u00e9e de\u00a0Manuscrits de Stendhal\u00a0\u00bb<br \/>\n14h45 : Antony McKenna \u201cQuelques probl\u00e8mes de sources, d&rsquo;\u00e9dition et d&rsquo;annotation: Pierre Bayle et les manuscrits philosophiques clandestins\u201d<br \/>\n15h15 : Catherine Volpilhac-Auger \u00ab\u00a0V\u00e9rit\u00e9s et mensonges des manuscrits de Montesquieu (<em>Pens\u00e9es,\u00a0Lettres persanes, Voyages<\/em>)\u00a0\u00bb<\/p>\n<p>15h45-16h30 : discussion<\/p>\n","protected":false},"excerpt":{"rendered":"<p>Journ\u00e9e d\u2019\u00e9tude \u00ab\u00a0Editions critiques et g\u00e9n\u00e9tiques en Rh\u00f4ne-Alpes\u00a0\u00bb 14 juin 2013 MSH-Alpes, Grenoble. MATIN: 9h30 : accueil (Chantal Massol, Directrice de l\u2019Ecole doctorale de l\u2019Universit\u00e9 Stendhal et de l\u2019\u00e9quipe d\u2019accueil Traverses 19-21) Pr\u00e9sidente : Chantal Massol 10h : Michel Lafon\u00a0\u00ab\u00a0Editer &hellip; <a href=\"https:\/\/stendhal.fr\/?p=736\">Continuer la lecture <span class=\"meta-nav\">&rarr;<\/span><\/a><\/p>\n","protected":false},"author":1,"featured_media":0,"comment_status":"closed","ping_status":"closed","sticky":false,"template":"","format":"standard","meta":{"jetpack_post_was_ever_published":false,"_jetpack_newsletter_access":"","_jetpack_dont_email_post_to_subs":false,"_jetpack_newsletter_tier_id":0,"_jetpack_memberships_contains_paywalled_content":false,"_jetpack_memberships_contains_paid_content":false,"footnotes":"","jetpack_publicize_message":"","jetpack_publicize_feature_enabled":true,"jetpack_social_post_already_shared":true,"jetpack_social_options":{"image_generator_settings":{"template":"highway","default_image_id":0,"font":"","enabled":false},"version":2}},"categories":[6],"tags":[],"class_list":["post-736","post","type-post","status-publish","format-standard","hentry","category-colloques"],"jetpack_publicize_connections":[],"jetpack_featured_media_url":"","jetpack_sharing_enabled":true,"jetpack_shortlink":"https:\/\/wp.me\/p34K8b-bS","jetpack_likes_enabled":true,"_links":{"self":[{"href":"https:\/\/stendhal.fr\/index.php?rest_route=\/wp\/v2\/posts\/736","targetHints":{"allow":["GET"]}}],"collection":[{"href":"https:\/\/stendhal.fr\/index.php?rest_route=\/wp\/v2\/posts"}],"about":[{"href":"https:\/\/stendhal.fr\/index.php?rest_route=\/wp\/v2\/types\/post"}],"author":[{"embeddable":true,"href":"https:\/\/stendhal.fr\/index.php?rest_route=\/wp\/v2\/users\/1"}],"replies":[{"embeddable":true,"href":"https:\/\/stendhal.fr\/index.php?rest_route=%2Fwp%2Fv2%2Fcomments&post=736"}],"version-history":[{"count":2,"href":"https:\/\/stendhal.fr\/index.php?rest_route=\/wp\/v2\/posts\/736\/revisions"}],"predecessor-version":[{"id":738,"href":"https:\/\/stendhal.fr\/index.php?rest_route=\/wp\/v2\/posts\/736\/revisions\/738"}],"wp:attachment":[{"href":"https:\/\/stendhal.fr\/index.php?rest_route=%2Fwp%2Fv2%2Fmedia&parent=736"}],"wp:term":[{"taxonomy":"category","embeddable":true,"href":"https:\/\/stendhal.fr\/index.php?rest_route=%2Fwp%2Fv2%2Fcategories&post=736"},{"taxonomy":"post_tag","embeddable":true,"href":"https:\/\/stendhal.fr\/index.php?rest_route=%2Fwp%2Fv2%2Ftags&post=736"}],"curies":[{"name":"wp","href":"https:\/\/api.w.org\/{rel}","templated":true}]}}