{"id":721,"date":"2013-05-26T09:15:31","date_gmt":"2013-05-26T08:15:31","guid":{"rendered":"http:\/\/www.stendhal.fr\/?p=721"},"modified":"2013-05-28T14:52:31","modified_gmt":"2013-05-28T13:52:31","slug":"centre-stendhalien-de-milan","status":"publish","type":"post","link":"https:\/\/stendhal.fr\/?p=721","title":{"rendered":"Centre stendhalien de Milan"},"content":{"rendered":"<p style=\"text-align: center;\">Le <a href=\"http:\/\/www.digitami.it\/stendhal\/index.htm\"><strong>Centre stendhalien de Milan <\/strong><\/a><\/p>\n<p style=\"text-align: center;\">propose d\u00e9sormais une version fran\u00e7aise de son d\u00e9pliant de pr\u00e9sentation:<\/p>\n<p style=\"text-align: center;\"><a href=\"http:\/\/www.stendhal.fr\/wp-content\/2013\/05\/Centre-stendhalien-de-Milan2.pdf\"><img loading=\"lazy\" decoding=\"async\" class=\"alignnone size-medium wp-image-732\" alt=\"Huit\" src=\"http:\/\/www.stendhal.fr\/wp-content\/2013\/05\/Huit-143x300.jpeg\" width=\"143\" height=\"300\" srcset=\"https:\/\/stendhal.fr\/wp-content\/2013\/05\/Huit-143x300.jpeg 143w, https:\/\/stendhal.fr\/wp-content\/2013\/05\/Huit-490x1024.jpeg 490w, https:\/\/stendhal.fr\/wp-content\/2013\/05\/Huit.jpeg 786w\" sizes=\"auto, (max-width: 143px) 100vw, 143px\" \/><\/a><\/p>\n<p style=\"text-align: center;\">(Traduction Annalisa Bottacin)<\/p>\n","protected":false},"excerpt":{"rendered":"<p>Le Centre stendhalien de Milan propose d\u00e9sormais une version fran\u00e7aise de son d\u00e9pliant de pr\u00e9sentation: (Traduction Annalisa Bottacin)<\/p>\n","protected":false},"author":1,"featured_media":0,"comment_status":"closed","ping_status":"closed","sticky":false,"template":"","format":"standard","meta":{"jetpack_post_was_ever_published":false,"_jetpack_newsletter_access":"","_jetpack_dont_email_post_to_subs":false,"_jetpack_newsletter_tier_id":0,"_jetpack_memberships_contains_paywalled_content":false,"_jetpack_memberships_contains_paid_content":false,"footnotes":"","jetpack_publicize_message":"","jetpack_publicize_feature_enabled":true,"jetpack_social_post_already_shared":true,"jetpack_social_options":{"image_generator_settings":{"template":"highway","default_image_id":0,"font":"","enabled":false},"version":2}},"categories":[2],"tags":[],"class_list":["post-721","post","type-post","status-publish","format-standard","hentry","category-nouvelles-publications"],"jetpack_publicize_connections":[],"jetpack_featured_media_url":"","jetpack_sharing_enabled":true,"jetpack_shortlink":"https:\/\/wp.me\/p34K8b-bD","jetpack_likes_enabled":true,"_links":{"self":[{"href":"https:\/\/stendhal.fr\/index.php?rest_route=\/wp\/v2\/posts\/721","targetHints":{"allow":["GET"]}}],"collection":[{"href":"https:\/\/stendhal.fr\/index.php?rest_route=\/wp\/v2\/posts"}],"about":[{"href":"https:\/\/stendhal.fr\/index.php?rest_route=\/wp\/v2\/types\/post"}],"author":[{"embeddable":true,"href":"https:\/\/stendhal.fr\/index.php?rest_route=\/wp\/v2\/users\/1"}],"replies":[{"embeddable":true,"href":"https:\/\/stendhal.fr\/index.php?rest_route=%2Fwp%2Fv2%2Fcomments&post=721"}],"version-history":[{"count":6,"href":"https:\/\/stendhal.fr\/index.php?rest_route=\/wp\/v2\/posts\/721\/revisions"}],"predecessor-version":[{"id":731,"href":"https:\/\/stendhal.fr\/index.php?rest_route=\/wp\/v2\/posts\/721\/revisions\/731"}],"wp:attachment":[{"href":"https:\/\/stendhal.fr\/index.php?rest_route=%2Fwp%2Fv2%2Fmedia&parent=721"}],"wp:term":[{"taxonomy":"category","embeddable":true,"href":"https:\/\/stendhal.fr\/index.php?rest_route=%2Fwp%2Fv2%2Fcategories&post=721"},{"taxonomy":"post_tag","embeddable":true,"href":"https:\/\/stendhal.fr\/index.php?rest_route=%2Fwp%2Fv2%2Ftags&post=721"}],"curies":[{"name":"wp","href":"https:\/\/api.w.org\/{rel}","templated":true}]}}