{"id":715,"date":"2013-05-28T09:11:54","date_gmt":"2013-05-28T08:11:54","guid":{"rendered":"http:\/\/www.stendhal.fr\/?p=715"},"modified":"2013-12-07T15:58:22","modified_gmt":"2013-12-07T14:58:22","slug":"journaux-papiers-stendhal-vol-1-1797-1804","status":"publish","type":"post","link":"https:\/\/stendhal.fr\/?p=715","title":{"rendered":"STENDHAL Journaux et papiers   Vol. 1 &#8211; 1797-1804"},"content":{"rendered":"<p style=\"text-align: center;\"><strong><em>Journaux et papiers<\/em> <\/strong><\/p>\n<p style=\"text-align: center;\"><strong>STENDHAL<\/strong><\/p>\n<p style=\"text-align: center;\"><a href=\"http:\/\/www.stendhal.fr\/wp-content\/2013\/05\/1ecouv_stendhal.jpg\"><img loading=\"lazy\" decoding=\"async\" class=\"wp-image-726\" alt=\"1ecouv_stendhal\" src=\"http:\/\/www.stendhal.fr\/wp-content\/2013\/05\/1ecouv_stendhal-221x300.jpg\" width=\"133\" height=\"180\" srcset=\"https:\/\/stendhal.fr\/wp-content\/2013\/05\/1ecouv_stendhal-221x300.jpg 221w, https:\/\/stendhal.fr\/wp-content\/2013\/05\/1ecouv_stendhal-756x1024.jpg 756w, https:\/\/stendhal.fr\/wp-content\/2013\/05\/1ecouv_stendhal.jpg 1003w\" sizes=\"auto, (max-width: 133px) 100vw, 133px\" \/><\/a>\u00a0 <a href=\"http:\/\/www.stendhal.fr\/wp-content\/2013\/05\/4ecouv_stendhal.jpg\"><img loading=\"lazy\" decoding=\"async\" class=\"wp-image-728 aligncenter\" alt=\"4ecouv_stendhal\" src=\"http:\/\/www.stendhal.fr\/wp-content\/2013\/05\/4ecouv_stendhal-221x300.jpg\" width=\"133\" height=\"180\" srcset=\"https:\/\/stendhal.fr\/wp-content\/2013\/05\/4ecouv_stendhal-221x300.jpg 221w, https:\/\/stendhal.fr\/wp-content\/2013\/05\/4ecouv_stendhal-756x1024.jpg 756w, https:\/\/stendhal.fr\/wp-content\/2013\/05\/4ecouv_stendhal.jpg 1003w\" sizes=\"auto, (max-width: 133px) 100vw, 133px\" \/><\/a><\/p>\n<p style=\"text-align: center;\">Vol. 1 &#8211; 1797-1804<\/p>\n<p style=\"text-align: center;\">Edition \u00e9tablie par C\u00e9cile Meynard, H\u00e9l\u00e8ne de Jacquelot et Marie-Rose Corr\u00e9dor<\/p>\n<p style=\"text-align: center;\"><a href=\"http:\/\/www.stendhal.fr\/wp-content\/2013\/05\/tdm_journaux_stendhal.pdf\">Table des mati\u00e8res<\/a><\/p>\n<p style=\"text-align: center;\"><a title=\"ELLUG\" href=\"http:\/\/w3.u-grenoble3.fr\/ellug\/index.html\/index.php?id=litterature-francaise\" target=\"_blank\">ELLUG\u00a0<\/a><\/p>\n<p>Dans le cadre du groupe \u00ab Manuscrits de Stendhal \u00bb (Universit\u00e9 Stendhal-Grenoble 3), l\u2019examen et la transcription des manuscrits personnels conserv\u00e9s \u00e0 la Biblioth\u00e8que municipale de Grenoble nous ont amen\u00e9s \u00e0 reconsid\u00e9rer les d\u00e9coupages traditionnellement op\u00e9r\u00e9s par les \u00e9diteurs entre journal, projets d\u2019\u0153uvres et r\u00e9flexions th\u00e9oriques ; cette \u00e9dition red\u00e9finit ainsi de fa\u00e7on assez radicale le paysage de l\u2019\u00e9criture personnelle du futur Stendhal. Dans le champ \u00e9ditorial actuel, nous nous inscrivons dans une mouvance qui ne cherche pas \u00e0 \u00ab textualiser \u00bb les documents personnels laiss\u00e9s par les \u00e9crivains, mais \u00e0 les publier de la fa\u00e7on la plus fid\u00e8le possible \u00e0 leur \u00e9tat d\u2019inach\u00e8vement ou de d\u00e9sordre.<\/p>\n<p>2013 \u2013 696 p. \u2013 ill. en n. et bl. \u2013 17 x 23 cm \u2013 ISBN 978-2-84310-240-0 \u2013 28 \u20ac<\/p>\n<p>\u00c0 para\u00eetre : tome 2 (1804-1806) ; tome 3 (1806-1814) ; tome 4 (1815-1821).<\/p>\n<p style=\"text-align: center;\"><iframe loading=\"lazy\" style=\"width: 120px; height: 240px;\" src=\"http:\/\/rcm-eu.amazon-adsystem.com\/e\/cm?t=sitesten-21&amp;o=8&amp;p=8&amp;l=as1&amp;asins=2843102405&amp;ref=tf_til&amp;fc1=000000&amp;IS2=1&amp;lt1=_blank&amp;m=amazon&amp;lc1=0000FF&amp;bc1=000000&amp;bg1=FFFFFF&amp;f=ifr\" height=\"240\" width=\"320\" frameborder=\"0\" marginwidth=\"0\" marginheight=\"0\" scrolling=\"no\"><\/iframe><\/p>\n","protected":false},"excerpt":{"rendered":"<p>Journaux et papiers STENDHAL \u00a0 Vol. 1 &#8211; 1797-1804 Edition \u00e9tablie par C\u00e9cile Meynard, H\u00e9l\u00e8ne de Jacquelot et Marie-Rose Corr\u00e9dor Table des mati\u00e8res ELLUG\u00a0 Dans le cadre du groupe \u00ab Manuscrits de Stendhal \u00bb (Universit\u00e9 Stendhal-Grenoble 3), l\u2019examen et la &hellip; <a href=\"https:\/\/stendhal.fr\/?p=715\">Continuer la lecture <span class=\"meta-nav\">&rarr;<\/span><\/a><\/p>\n","protected":false},"author":1,"featured_media":0,"comment_status":"closed","ping_status":"closed","sticky":false,"template":"","format":"standard","meta":{"jetpack_post_was_ever_published":false,"_jetpack_newsletter_access":"","_jetpack_dont_email_post_to_subs":false,"_jetpack_newsletter_tier_id":0,"_jetpack_memberships_contains_paywalled_content":false,"_jetpack_memberships_contains_paid_content":false,"footnotes":"","jetpack_publicize_message":"","jetpack_publicize_feature_enabled":true,"jetpack_social_post_already_shared":true,"jetpack_social_options":{"image_generator_settings":{"template":"highway","default_image_id":0,"font":"","enabled":false},"version":2}},"categories":[2],"tags":[],"class_list":["post-715","post","type-post","status-publish","format-standard","hentry","category-nouvelles-publications"],"jetpack_publicize_connections":[],"jetpack_featured_media_url":"","jetpack_sharing_enabled":true,"jetpack_shortlink":"https:\/\/wp.me\/p34K8b-bx","jetpack_likes_enabled":true,"_links":{"self":[{"href":"https:\/\/stendhal.fr\/index.php?rest_route=\/wp\/v2\/posts\/715","targetHints":{"allow":["GET"]}}],"collection":[{"href":"https:\/\/stendhal.fr\/index.php?rest_route=\/wp\/v2\/posts"}],"about":[{"href":"https:\/\/stendhal.fr\/index.php?rest_route=\/wp\/v2\/types\/post"}],"author":[{"embeddable":true,"href":"https:\/\/stendhal.fr\/index.php?rest_route=\/wp\/v2\/users\/1"}],"replies":[{"embeddable":true,"href":"https:\/\/stendhal.fr\/index.php?rest_route=%2Fwp%2Fv2%2Fcomments&post=715"}],"version-history":[{"count":12,"href":"https:\/\/stendhal.fr\/index.php?rest_route=\/wp\/v2\/posts\/715\/revisions"}],"predecessor-version":[{"id":833,"href":"https:\/\/stendhal.fr\/index.php?rest_route=\/wp\/v2\/posts\/715\/revisions\/833"}],"wp:attachment":[{"href":"https:\/\/stendhal.fr\/index.php?rest_route=%2Fwp%2Fv2%2Fmedia&parent=715"}],"wp:term":[{"taxonomy":"category","embeddable":true,"href":"https:\/\/stendhal.fr\/index.php?rest_route=%2Fwp%2Fv2%2Fcategories&post=715"},{"taxonomy":"post_tag","embeddable":true,"href":"https:\/\/stendhal.fr\/index.php?rest_route=%2Fwp%2Fv2%2Ftags&post=715"}],"curies":[{"name":"wp","href":"https:\/\/api.w.org\/{rel}","templated":true}]}}