{"id":697,"date":"2013-04-24T09:47:16","date_gmt":"2013-04-24T08:47:16","guid":{"rendered":"http:\/\/www.stendhal.fr\/?p=697"},"modified":"2013-05-14T17:42:52","modified_gmt":"2013-05-14T16:42:52","slug":"julie-brock-ed-reception-et-creativite-le-cas-de-stendhal-dans-la-litterature-japonaise-moderne-et-contemporaine","status":"publish","type":"post","link":"https:\/\/stendhal.fr\/?p=697","title":{"rendered":"Julie Brock (\u00e9d.)  R\u00e9ception et cr\u00e9ativit\u00e9 &#8211; Le cas de Stendhal dans la litt\u00e9rature japonaise moderne et contemporaine"},"content":{"rendered":"<p style=\"text-align: center;\">Julie Brock (\u00e9d.)<\/p>\n<p style=\"text-align: center;\"><em>R\u00e9ception et cr\u00e9ativit\u00e9 &#8211; Le cas de Stendhal dans la litt\u00e9rature japonaise moderne et contemporaine<\/em>, v. 2<\/p>\n<p style=\"text-align: center;\"><a href=\"http:\/\/www.stendhal.fr\/wp-content\/2013\/04\/Re?ception-et-cre?ativite?.jpg\"><img loading=\"lazy\" decoding=\"async\" class=\"alignnone size-full wp-image-709\" alt=\"431041_Brock2_UG_violett_2.indd\" src=\"http:\/\/www.stendhal.fr\/wp-content\/2013\/04\/Re?ception-et-cre?ativite?.jpg\" width=\"118\" height=\"172\" \/><\/a><\/p>\n<p style=\"text-align: center;\">Berne, <a title=\"Peter Lang\" href=\"http:\/\/www.peterlang.com\/\" target=\"_blank\">Ed. Peter Lang<\/a>,\u00a0 mars 2013<\/p>\n<p style=\"text-align: center;\"><a href=\"http:\/\/www.stendhal.fr\/wp-content\/2013\/04\/431041_toc.pdf\">Table des mati\u00e8res<\/a><\/p>\n<p style=\"text-align: center;\">Extrait<\/p>\n<p style=\"text-align: center;\">Julie Brock (\u00e9d.), Juy\u00f4 kara s\u00f4z\u00f4sei e &#8211; Nihin kin-gendai bungaku ni okeru Sutand\u00e2ru no baai,<\/p>\n<p style=\"text-align: center;\"><em>R\u00e9ception et cr\u00e9ativit\u00e9 &#8211; Le cas de Stendhal dans la litt\u00e9rature japonaise moderne et contemporaine<\/em>, Actes n\u00b01202, Ed. Ky\u00f4to International Institute for Advanced Studies (IIAS), 12 mars 2013.<\/p>\n","protected":false},"excerpt":{"rendered":"<p>Julie Brock (\u00e9d.) R\u00e9ception et cr\u00e9ativit\u00e9 &#8211; Le cas de Stendhal dans la litt\u00e9rature japonaise moderne et contemporaine, v. 2 Berne, Ed. Peter Lang,\u00a0 mars 2013 Table des mati\u00e8res Extrait Julie Brock (\u00e9d.), Juy\u00f4 kara s\u00f4z\u00f4sei e &#8211; Nihin kin-gendai &hellip; <a href=\"https:\/\/stendhal.fr\/?p=697\">Continuer la lecture <span class=\"meta-nav\">&rarr;<\/span><\/a><\/p>\n","protected":false},"author":1,"featured_media":0,"comment_status":"closed","ping_status":"closed","sticky":false,"template":"","format":"standard","meta":{"jetpack_post_was_ever_published":false,"_jetpack_newsletter_access":"","_jetpack_dont_email_post_to_subs":false,"_jetpack_newsletter_tier_id":0,"_jetpack_memberships_contains_paywalled_content":false,"_jetpack_memberships_contains_paid_content":false,"footnotes":"","jetpack_publicize_message":"","jetpack_publicize_feature_enabled":true,"jetpack_social_post_already_shared":true,"jetpack_social_options":{"image_generator_settings":{"template":"highway","default_image_id":0,"font":"","enabled":false},"version":2}},"categories":[2],"tags":[],"class_list":["post-697","post","type-post","status-publish","format-standard","hentry","category-nouvelles-publications"],"jetpack_publicize_connections":[],"jetpack_featured_media_url":"","jetpack_sharing_enabled":true,"jetpack_shortlink":"https:\/\/wp.me\/p34K8b-bf","jetpack_likes_enabled":true,"_links":{"self":[{"href":"https:\/\/stendhal.fr\/index.php?rest_route=\/wp\/v2\/posts\/697","targetHints":{"allow":["GET"]}}],"collection":[{"href":"https:\/\/stendhal.fr\/index.php?rest_route=\/wp\/v2\/posts"}],"about":[{"href":"https:\/\/stendhal.fr\/index.php?rest_route=\/wp\/v2\/types\/post"}],"author":[{"embeddable":true,"href":"https:\/\/stendhal.fr\/index.php?rest_route=\/wp\/v2\/users\/1"}],"replies":[{"embeddable":true,"href":"https:\/\/stendhal.fr\/index.php?rest_route=%2Fwp%2Fv2%2Fcomments&post=697"}],"version-history":[{"count":10,"href":"https:\/\/stendhal.fr\/index.php?rest_route=\/wp\/v2\/posts\/697\/revisions"}],"predecessor-version":[{"id":704,"href":"https:\/\/stendhal.fr\/index.php?rest_route=\/wp\/v2\/posts\/697\/revisions\/704"}],"wp:attachment":[{"href":"https:\/\/stendhal.fr\/index.php?rest_route=%2Fwp%2Fv2%2Fmedia&parent=697"}],"wp:term":[{"taxonomy":"category","embeddable":true,"href":"https:\/\/stendhal.fr\/index.php?rest_route=%2Fwp%2Fv2%2Fcategories&post=697"},{"taxonomy":"post_tag","embeddable":true,"href":"https:\/\/stendhal.fr\/index.php?rest_route=%2Fwp%2Fv2%2Ftags&post=697"}],"curies":[{"name":"wp","href":"https:\/\/api.w.org\/{rel}","templated":true}]}}