{"id":689,"date":"2013-04-17T10:29:13","date_gmt":"2013-04-17T09:29:13","guid":{"rendered":"http:\/\/www.stendhal.fr\/?p=689"},"modified":"2013-04-18T10:29:09","modified_gmt":"2013-04-18T09:29:09","slug":"charles-dedeyan-en-ecoutant-stendhal","status":"publish","type":"post","link":"https:\/\/stendhal.fr\/?p=689","title":{"rendered":"Charles D\u00e9d\u00e9yan, En e?coutant Stendhal"},"content":{"rendered":"<p style=\"text-align: center;\">Charles DE?DE?YAN<\/p>\n<p style=\"text-align: center;\"><em> En e?coutant Stendhal<\/em><\/p>\n<p style=\"text-align: center;\"><a href=\"http:\/\/www.stendhal.fr\/wp-content\/2013\/04\/De?de?yan.png\"><img loading=\"lazy\" decoding=\"async\" class=\"alignnone size-medium wp-image-695\" alt=\"De?de?yan\" src=\"http:\/\/www.stendhal.fr\/wp-content\/2013\/04\/De?de?yan-192x300.png\" width=\"192\" height=\"300\" \/><\/a><\/p>\n<p style=\"text-align: center;\">BIBLIOTHE?QUE STENDHAL fonde?e par V. Del Litto<\/p>\n<p>BS 7 &#8211; Charles DE?DE?YAN, En e?coutant Stendhal. Edite? par Emanuele Kanceff, \u00abBibliothe?que Stendhal\u00bb, E?tudes, 230 p. (Coll. \u00abStendhal Club\u00bb). ISBN 88-7760-207-1. Euro 34,50.<br \/>\nCharles De?de?yan (1910-2003) a connu, pour ainsi dire, plusieurs existences. Et les facettes de sa personnalite? sont varie?es, e?tonnantes.<br \/>\nIl a e?te?, intellectuellement et me?thodologiquement, le digne continuateur de l\u2019e?cole comparatiste franc?aise, celle de Fernand Baldensperger, de Paul Hazard, de Jean-Marie Carre?, auquel il a d\u2019ailleurs succe?de? a? la Sorbonne. Pendant ce long magiste?re (1949- 1979), Charles De?de?yan a dirige? les the?ses ou observe? la carrie?re d\u2019a?- peu-pre?s tous les comparatistes franc?ais.<br \/>\nEurope?en parfait, Franc?ais avec ardeur, Breton par pre?fe?rence et amoureux de l\u2019Italie, Charles De?de?yan venait de l\u2019Orient: Arme?nien, ne? a? Smyrne dans les dernie?res anne?es, sinistres, de l\u2019Empire ottoman, polyglotte, voyageur infatigable, protecteur d\u2019innombrables e?tudiants e?trangers, il essayait de former ses disciples a? la me?thode carte?sienne et historique, telle qu\u2019il l\u2019avait rec?ue lui-me?me en passant l\u2019agre?gation (1939), en suivant le cursus e?prouve? des humanite?s classiques.<br \/>\nOfficier de la L\u00e9gion d\u2019honneur, Croix de guerre 39-45, Commandeur des Palmes acad\u00e9miques, Officier de l\u2019ordre du M\u00e9rite de la R\u00e9publique italienne, Commandeur de l\u2019ordre pontifical de Saint-Sylvestre, Chevalier de l\u2019ordre de Malte. Prix France-Allemagne (1966), grand prix du Rayonnement fran\u00e7ais de l\u2019Acad\u00e9mie fran\u00e7aise (1967), Grand Prix de la Critique Po\u00e9tique (1981), prix Gustave-le-M\u00e9tais.<br \/>\nEn couverture: Jean-Louis DUCIS, Portrait de Stendhal, Milano, Palazzo Sormani, Biblioteca comunale.<br \/>\nEd. del C.I.R.V.I., Str. Revigliasco, 6 &#8211; 10024 MONCALIERI (TO) \u2013 fax +39.011644355 \u2013 e-mail: cirvi@cirvi.it<br \/>\nordini@cirvi.it<\/p>\n","protected":false},"excerpt":{"rendered":"<p>Charles DE?DE?YAN En e?coutant Stendhal BIBLIOTHE?QUE STENDHAL fonde?e par V. Del Litto BS 7 &#8211; Charles DE?DE?YAN, En e?coutant Stendhal. Edite? par Emanuele Kanceff, \u00abBibliothe?que Stendhal\u00bb, E?tudes, 230 p. (Coll. \u00abStendhal Club\u00bb). ISBN 88-7760-207-1. Euro 34,50. Charles De?de?yan (1910-2003) a &hellip; <a href=\"https:\/\/stendhal.fr\/?p=689\">Continuer la lecture <span class=\"meta-nav\">&rarr;<\/span><\/a><\/p>\n","protected":false},"author":1,"featured_media":0,"comment_status":"closed","ping_status":"closed","sticky":false,"template":"","format":"standard","meta":{"jetpack_post_was_ever_published":false,"_jetpack_newsletter_access":"","_jetpack_dont_email_post_to_subs":false,"_jetpack_newsletter_tier_id":0,"_jetpack_memberships_contains_paywalled_content":false,"_jetpack_memberships_contains_paid_content":false,"footnotes":"","jetpack_publicize_message":"","jetpack_publicize_feature_enabled":true,"jetpack_social_post_already_shared":true,"jetpack_social_options":{"image_generator_settings":{"template":"highway","default_image_id":0,"font":"","enabled":false},"version":2}},"categories":[2],"tags":[],"class_list":["post-689","post","type-post","status-publish","format-standard","hentry","category-nouvelles-publications"],"jetpack_publicize_connections":[],"jetpack_featured_media_url":"","jetpack_sharing_enabled":true,"jetpack_shortlink":"https:\/\/wp.me\/p34K8b-b7","jetpack_likes_enabled":true,"_links":{"self":[{"href":"https:\/\/stendhal.fr\/index.php?rest_route=\/wp\/v2\/posts\/689","targetHints":{"allow":["GET"]}}],"collection":[{"href":"https:\/\/stendhal.fr\/index.php?rest_route=\/wp\/v2\/posts"}],"about":[{"href":"https:\/\/stendhal.fr\/index.php?rest_route=\/wp\/v2\/types\/post"}],"author":[{"embeddable":true,"href":"https:\/\/stendhal.fr\/index.php?rest_route=\/wp\/v2\/users\/1"}],"replies":[{"embeddable":true,"href":"https:\/\/stendhal.fr\/index.php?rest_route=%2Fwp%2Fv2%2Fcomments&post=689"}],"version-history":[{"count":5,"href":"https:\/\/stendhal.fr\/index.php?rest_route=\/wp\/v2\/posts\/689\/revisions"}],"predecessor-version":[{"id":694,"href":"https:\/\/stendhal.fr\/index.php?rest_route=\/wp\/v2\/posts\/689\/revisions\/694"}],"wp:attachment":[{"href":"https:\/\/stendhal.fr\/index.php?rest_route=%2Fwp%2Fv2%2Fmedia&parent=689"}],"wp:term":[{"taxonomy":"category","embeddable":true,"href":"https:\/\/stendhal.fr\/index.php?rest_route=%2Fwp%2Fv2%2Fcategories&post=689"},{"taxonomy":"post_tag","embeddable":true,"href":"https:\/\/stendhal.fr\/index.php?rest_route=%2Fwp%2Fv2%2Ftags&post=689"}],"curies":[{"name":"wp","href":"https:\/\/api.w.org\/{rel}","templated":true}]}}