{"id":661,"date":"2013-03-09T10:38:10","date_gmt":"2013-03-09T09:38:10","guid":{"rendered":"http:\/\/www.stendhal.fr\/?p=661"},"modified":"2013-03-09T11:03:39","modified_gmt":"2013-03-09T10:03:39","slug":"stendhal-et-napoleon","status":"publish","type":"post","link":"https:\/\/stendhal.fr\/?p=661","title":{"rendered":"Stendhal et Napol\u00e9on"},"content":{"rendered":"<p style=\"text-align: center;\">\u00ab\u00a0Stendhal et Napol\u00e9on\u00a0\u00bb<\/p>\n<p style=\"text-align: center;\">intervention d&rsquo;Arthur Chevallier lors du colloque \u00ab\u00a0Stendhal et la musique\u00a0\u00bb qui s&rsquo;est d\u00e9roul\u00e9 \u00e0 la <a title=\"Fondation Singer-Polignac\" href=\"http:\/\/www.dailymotion.com\/SINGER-POLIGNAC\" target=\"_blank\" data-vszone=\"uploader-link-under\" data-href=\"\/SINGER-POLIGNAC\">Fondation Singer-Polignac<\/a> le mardi 5 mars 2013 \u00e0 Paris<\/p>\n<p style=\"text-align: center;\">Vid\u00e9o visible sur le site Dailymotion \u00e0 l&rsquo;adresse:<\/p>\n<p style=\"text-align: center;\"><a title=\"Stendhal et Napol\u00e9on\" href=\"http:\/\/www.dailymotion.com\/video\/xy1yed_arthur-chevallier-stendhal-et-napoleon_creation#.UTr__RkVz8o\" target=\"_blank\">http:\/\/www.dailymotion.com\/video\/xy1yed_arthur-chevallier-stendhal-et-napoleon_creation#.UTr__RkVz8o<\/a><\/p>\n<p style=\"text-align: center;\">Programme du colloque:<\/p>\n<p style=\"text-align: center;\"><a title=\"Colloque Stendhal et la musique\" href=\"http:\/\/www.singer-polignac.org\/missions\/?view=evenement&amp;task=edit&amp;cid=861\" target=\"_blank\">http:\/\/www.singer-polignac.org\/missions\/?view=evenement&amp;task=edit&amp;cid=861<\/a><\/p>\n","protected":false},"excerpt":{"rendered":"<p>\u00ab\u00a0Stendhal et Napol\u00e9on\u00a0\u00bb intervention d&rsquo;Arthur Chevallier lors du colloque \u00ab\u00a0Stendhal et la musique\u00a0\u00bb qui s&rsquo;est d\u00e9roul\u00e9 \u00e0 la Fondation Singer-Polignac le mardi 5 mars 2013 \u00e0 Paris Vid\u00e9o visible sur le site Dailymotion \u00e0 l&rsquo;adresse: http:\/\/www.dailymotion.com\/video\/xy1yed_arthur-chevallier-stendhal-et-napoleon_creation#.UTr__RkVz8o Programme du colloque: http:\/\/www.singer-polignac.org\/missions\/?view=evenement&amp;task=edit&amp;cid=861<\/p>\n","protected":false},"author":1,"featured_media":0,"comment_status":"closed","ping_status":"closed","sticky":false,"template":"","format":"standard","meta":{"jetpack_post_was_ever_published":false,"_jetpack_newsletter_access":"","_jetpack_dont_email_post_to_subs":false,"_jetpack_newsletter_tier_id":0,"_jetpack_memberships_contains_paywalled_content":false,"_jetpack_memberships_contains_paid_content":false,"footnotes":"","jetpack_publicize_message":"","jetpack_publicize_feature_enabled":true,"jetpack_social_post_already_shared":true,"jetpack_social_options":{"image_generator_settings":{"template":"highway","default_image_id":0,"font":"","enabled":false},"version":2}},"categories":[6,5],"tags":[],"class_list":["post-661","post","type-post","status-publish","format-standard","hentry","category-colloques","category-stendhal-sur-internet"],"jetpack_publicize_connections":[],"jetpack_featured_media_url":"","jetpack_sharing_enabled":true,"jetpack_shortlink":"https:\/\/wp.me\/p34K8b-aF","jetpack_likes_enabled":true,"_links":{"self":[{"href":"https:\/\/stendhal.fr\/index.php?rest_route=\/wp\/v2\/posts\/661","targetHints":{"allow":["GET"]}}],"collection":[{"href":"https:\/\/stendhal.fr\/index.php?rest_route=\/wp\/v2\/posts"}],"about":[{"href":"https:\/\/stendhal.fr\/index.php?rest_route=\/wp\/v2\/types\/post"}],"author":[{"embeddable":true,"href":"https:\/\/stendhal.fr\/index.php?rest_route=\/wp\/v2\/users\/1"}],"replies":[{"embeddable":true,"href":"https:\/\/stendhal.fr\/index.php?rest_route=%2Fwp%2Fv2%2Fcomments&post=661"}],"version-history":[{"count":4,"href":"https:\/\/stendhal.fr\/index.php?rest_route=\/wp\/v2\/posts\/661\/revisions"}],"predecessor-version":[{"id":665,"href":"https:\/\/stendhal.fr\/index.php?rest_route=\/wp\/v2\/posts\/661\/revisions\/665"}],"wp:attachment":[{"href":"https:\/\/stendhal.fr\/index.php?rest_route=%2Fwp%2Fv2%2Fmedia&parent=661"}],"wp:term":[{"taxonomy":"category","embeddable":true,"href":"https:\/\/stendhal.fr\/index.php?rest_route=%2Fwp%2Fv2%2Fcategories&post=661"},{"taxonomy":"post_tag","embeddable":true,"href":"https:\/\/stendhal.fr\/index.php?rest_route=%2Fwp%2Fv2%2Ftags&post=661"}],"curies":[{"name":"wp","href":"https:\/\/api.w.org\/{rel}","templated":true}]}}