{"id":652,"date":"2013-02-28T14:15:30","date_gmt":"2013-02-28T13:15:30","guid":{"rendered":"http:\/\/www.stendhal.fr\/?p=652"},"modified":"2013-03-22T16:03:05","modified_gmt":"2013-03-22T15:03:05","slug":"652","status":"publish","type":"post","link":"https:\/\/stendhal.fr\/?p=652","title":{"rendered":"Stendhal et l\u2019h\u00e9ro\u00efsme au f\u00e9minin"},"content":{"rendered":"<p style=\"text-align: center;\"><strong>Stendhal et l\u2019h\u00e9ro\u00efsme au f\u00e9minin<\/strong><br \/>\nColloque organis\u00e9 par Stendhal Aujourd\u2019hui<br \/>\nAvec la collaboration de <em>HB Revue internationale d\u2019\u00e9tudes stendhaliennes<\/em><br \/>\n29-30 mars 2013<br \/>\nUniversit\u00e9 Paris-Sorbonne-Paris IV<br \/>\nMaison de la Recherche, 28 rue Serpente 75006 Paris (Salle D 035)<\/p>\n<p>Vendredi 29 mars<\/p>\n<p>9h30\u00a0\u00a0\u00a0\u00a0 Accueil des participants et ouverture du colloque<\/p>\n<p>10h\u00a0\u00a0\u00a0\u00a0\u00a0\u00a0 Pierrette Pavet (Paris)<br \/>\nLe courage des h\u00e9ro\u00efnes stendhaliennes<\/p>\n<p>10h30\u00a0\u00a0 Brahim Karoui (Universit\u00e9 de Sfax)<br \/>\nPour une typologie de la femme dans <em>Armance<\/em><\/p>\n<p>11h\u00a0\u00a0\u00a0\u00a0\u00a0\u00a0 Maria Vicenta Hern\u00e1ndez \u00c1lvarez (Universit\u00e9 de Salamanque)<br \/>\nLes mots d\u2019Armance\u00a0: notes pour l\u2019analyse d\u2019un discours au f\u00e9minin<\/p>\n<p>14h30\u00a0\u00a0 B\u00e9atrice Didier (ENS, Ulm)<br \/>\nL\u2019h\u00e9ro\u00efsme f\u00e9minin \u00e0 l\u2019op\u00e9ra<\/p>\n<p>15h\u00a0\u00a0\u00a0\u00a0\u00a0\u00a0 Max Andr\u00e9oli (Grasse)<br \/>\nH\u00e9ro\u00efnes h\u00e9ro\u00efques\u00a0: Stendhal et Balzac<\/p>\n<p>15h30\u00a0\u00a0 B\u00e9r\u00e9nice Levet (Paris)<br \/>\nLes femmes, un contrepoids aux passions d\u00e9mocratiques<\/p>\n<p>Samedi 30 mars<\/p>\n<p>9h30\u00a0\u00a0\u00a0\u00a0\u00a0 Marie-Th\u00e9r\u00e8se Fuentes (Universit\u00e9 Complutense)<br \/>\nStendhal ou le f\u00e9minisme avant la lettre<\/p>\n<p>10h\u00a0\u00a0\u00a0\u00a0\u00a0\u00a0 Suzel Esquier (Universit\u00e9 de Clermont-Ferrand, C.R.R.R.)<br \/>\nStendhal et le conte de f\u00e9es<\/p>\n<p>10h30\u00a0\u00a0\u00a0 Pause<\/p>\n<p>11h\u00a0\u00a0\u00a0\u00a0\u00a0\u00a0\u00a0 Sascha L\u00fcthy (Universit\u00e9 de Berne)<br \/>\nLe \u00ab\u00a0projet h\u00e9ro\u00efque\u00a0\u00bb d\u2019Armance de Zohiloff<\/p>\n<p>11h30\u00a0\u00a0\u00a0 Andr\u00e9e Mansau (Universit\u00e9 de Toulouse-Le Mirail)<br \/>\nUne h\u00e9ro\u00efne espagnoliste, Suora Scolastica face \u00e0 Eugenia Palafox<\/p>\n<p>14h30\u00a0\u00a0 Thierry Ozwald (Universit\u00e9 de Limoges)<br \/>\nUn mot encore sur l\u2019h\u00e9ro\u00efsme\u00a0: Lamiel<\/p>\n<p>15h\u00a0\u00a0\u00a0\u00a0\u00a0\u00a0 Barbara Innocenti (Universit\u00e9 de Sienne)<br \/>\n\u00ab\u00a0Je pose mon stylo mais mon c\u0153ur ne vous quitte pas.\u00bb<br \/>\n\u00c0 propos de quelques lettres in\u00e9dites de Giulia Rinieri \u00e0 son mari<\/p>\n<p>15h30\u00a0\u00a0\u00a0 Michel Crouzet (Universit\u00e9 Paris-Sorbonne)<br \/>\nMme de R\u00eanal ou la tendresse h\u00e9ro\u00efque<\/p>\n<p>&nbsp;<\/p>\n","protected":false},"excerpt":{"rendered":"<p>Stendhal et l\u2019h\u00e9ro\u00efsme au f\u00e9minin Colloque organis\u00e9 par Stendhal Aujourd\u2019hui Avec la collaboration de HB Revue internationale d\u2019\u00e9tudes stendhaliennes 29-30 mars 2013 Universit\u00e9 Paris-Sorbonne-Paris IV Maison de la Recherche, 28 rue Serpente 75006 Paris (Salle D 035) Vendredi 29 mars &hellip; <a href=\"https:\/\/stendhal.fr\/?p=652\">Continuer la lecture <span class=\"meta-nav\">&rarr;<\/span><\/a><\/p>\n","protected":false},"author":1,"featured_media":0,"comment_status":"closed","ping_status":"closed","sticky":false,"template":"","format":"standard","meta":{"jetpack_post_was_ever_published":false,"_jetpack_newsletter_access":"","_jetpack_dont_email_post_to_subs":false,"_jetpack_newsletter_tier_id":0,"_jetpack_memberships_contains_paywalled_content":false,"_jetpack_memberships_contains_paid_content":false,"footnotes":"","jetpack_publicize_message":"","jetpack_publicize_feature_enabled":true,"jetpack_social_post_already_shared":true,"jetpack_social_options":{"image_generator_settings":{"template":"highway","default_image_id":0,"font":"","enabled":false},"version":2}},"categories":[6],"tags":[],"class_list":["post-652","post","type-post","status-publish","format-standard","hentry","category-colloques"],"jetpack_publicize_connections":[],"jetpack_featured_media_url":"","jetpack_sharing_enabled":true,"jetpack_shortlink":"https:\/\/wp.me\/s34K8b-652","jetpack_likes_enabled":true,"_links":{"self":[{"href":"https:\/\/stendhal.fr\/index.php?rest_route=\/wp\/v2\/posts\/652","targetHints":{"allow":["GET"]}}],"collection":[{"href":"https:\/\/stendhal.fr\/index.php?rest_route=\/wp\/v2\/posts"}],"about":[{"href":"https:\/\/stendhal.fr\/index.php?rest_route=\/wp\/v2\/types\/post"}],"author":[{"embeddable":true,"href":"https:\/\/stendhal.fr\/index.php?rest_route=\/wp\/v2\/users\/1"}],"replies":[{"embeddable":true,"href":"https:\/\/stendhal.fr\/index.php?rest_route=%2Fwp%2Fv2%2Fcomments&post=652"}],"version-history":[{"count":4,"href":"https:\/\/stendhal.fr\/index.php?rest_route=\/wp\/v2\/posts\/652\/revisions"}],"predecessor-version":[{"id":675,"href":"https:\/\/stendhal.fr\/index.php?rest_route=\/wp\/v2\/posts\/652\/revisions\/675"}],"wp:attachment":[{"href":"https:\/\/stendhal.fr\/index.php?rest_route=%2Fwp%2Fv2%2Fmedia&parent=652"}],"wp:term":[{"taxonomy":"category","embeddable":true,"href":"https:\/\/stendhal.fr\/index.php?rest_route=%2Fwp%2Fv2%2Fcategories&post=652"},{"taxonomy":"post_tag","embeddable":true,"href":"https:\/\/stendhal.fr\/index.php?rest_route=%2Fwp%2Fv2%2Ftags&post=652"}],"curies":[{"name":"wp","href":"https:\/\/api.w.org\/{rel}","templated":true}]}}