{"id":650,"date":"2013-02-25T14:11:16","date_gmt":"2013-02-25T13:11:16","guid":{"rendered":"http:\/\/www.stendhal.fr\/?p=650"},"modified":"2013-03-04T14:21:28","modified_gmt":"2013-03-04T13:21:28","slug":"650","status":"publish","type":"post","link":"https:\/\/stendhal.fr\/?p=650","title":{"rendered":"L&rsquo;Ann\u00e9e stendhalienne 14 (2015)"},"content":{"rendered":"<p><em><strong>L&rsquo;Ann\u00e9e stendhalienne<\/strong><\/em> 14 (2015) aura pour th\u00e8me:\u00a0 STENDHAL \/ 1830.<\/p>\n<p>Il s&rsquo;agira d&rsquo;une coupe dans la vie de Stendhal , envisag\u00e9e\u00a0 librement dans tous ses aspects au cours de ce mill\u00e9sime bien\u00a0 particulier: activit\u00e9 litt\u00e9raire ( <em>Mina de Vanghel, Le Philtre, Le Coffre et le Revenant, Le Rouge et le Noir<\/em>), vie sentimentale (Alberthe de Rubempr\u00e9, Giulia Rinieri), vie sociale (M\u00e9rim\u00e9e, Delacroix,les Ancelot, Sainte-Beuve, Hugo), d\u00e9placements (voyage \u00e0 Honfleur), et bien entendu la R\u00e9volution et Trieste.<\/p>\n<p>Faites-moi parvenir vos propositions avant le 1er Mai. Les textes seront \u00e0 remettre pour le 1er septembre 2014.<\/p>\n<p>Philippe Berthier<\/p>\n","protected":false},"excerpt":{"rendered":"<p>L&rsquo;Ann\u00e9e stendhalienne 14 (2015) aura pour th\u00e8me:\u00a0 STENDHAL \/ 1830. Il s&rsquo;agira d&rsquo;une coupe dans la vie de Stendhal , envisag\u00e9e\u00a0 librement dans tous ses aspects au cours de ce mill\u00e9sime bien\u00a0 particulier: activit\u00e9 litt\u00e9raire ( Mina de Vanghel, Le &hellip; <a href=\"https:\/\/stendhal.fr\/?p=650\">Continuer la lecture <span class=\"meta-nav\">&rarr;<\/span><\/a><\/p>\n","protected":false},"author":1,"featured_media":0,"comment_status":"closed","ping_status":"closed","sticky":false,"template":"","format":"standard","meta":{"jetpack_post_was_ever_published":false,"_jetpack_newsletter_access":"","_jetpack_dont_email_post_to_subs":false,"_jetpack_newsletter_tier_id":0,"_jetpack_memberships_contains_paywalled_content":false,"_jetpack_memberships_contains_paid_content":false,"footnotes":"","jetpack_publicize_message":"","jetpack_publicize_feature_enabled":true,"jetpack_social_post_already_shared":true,"jetpack_social_options":{"image_generator_settings":{"template":"highway","default_image_id":0,"font":"","enabled":false},"version":2}},"categories":[14],"tags":[],"class_list":["post-650","post","type-post","status-publish","format-standard","hentry","category-appel-a-contribution"],"jetpack_publicize_connections":[],"jetpack_featured_media_url":"","jetpack_sharing_enabled":true,"jetpack_shortlink":"https:\/\/wp.me\/s34K8b-650","jetpack_likes_enabled":true,"_links":{"self":[{"href":"https:\/\/stendhal.fr\/index.php?rest_route=\/wp\/v2\/posts\/650","targetHints":{"allow":["GET"]}}],"collection":[{"href":"https:\/\/stendhal.fr\/index.php?rest_route=\/wp\/v2\/posts"}],"about":[{"href":"https:\/\/stendhal.fr\/index.php?rest_route=\/wp\/v2\/types\/post"}],"author":[{"embeddable":true,"href":"https:\/\/stendhal.fr\/index.php?rest_route=\/wp\/v2\/users\/1"}],"replies":[{"embeddable":true,"href":"https:\/\/stendhal.fr\/index.php?rest_route=%2Fwp%2Fv2%2Fcomments&post=650"}],"version-history":[{"count":3,"href":"https:\/\/stendhal.fr\/index.php?rest_route=\/wp\/v2\/posts\/650\/revisions"}],"predecessor-version":[{"id":656,"href":"https:\/\/stendhal.fr\/index.php?rest_route=\/wp\/v2\/posts\/650\/revisions\/656"}],"wp:attachment":[{"href":"https:\/\/stendhal.fr\/index.php?rest_route=%2Fwp%2Fv2%2Fmedia&parent=650"}],"wp:term":[{"taxonomy":"category","embeddable":true,"href":"https:\/\/stendhal.fr\/index.php?rest_route=%2Fwp%2Fv2%2Fcategories&post=650"},{"taxonomy":"post_tag","embeddable":true,"href":"https:\/\/stendhal.fr\/index.php?rest_route=%2Fwp%2Fv2%2Ftags&post=650"}],"curies":[{"name":"wp","href":"https:\/\/api.w.org\/{rel}","templated":true}]}}