{"id":645,"date":"2013-03-01T10:22:23","date_gmt":"2013-03-01T09:22:23","guid":{"rendered":"http:\/\/www.stendhal.fr\/?p=645"},"modified":"2013-03-03T10:30:10","modified_gmt":"2013-03-03T09:30:10","slug":"stendhal-souvenirs-degotisme","status":"publish","type":"post","link":"https:\/\/stendhal.fr\/?p=645","title":{"rendered":"Stendhal Souvenirs d&rsquo;\u00e9gotisme"},"content":{"rendered":"<p style=\"text-align: center;\"><strong>Stendhal<\/strong><br \/>\n<em><strong>Souvenirs d&rsquo;\u00e9gotisme<\/strong><\/em><\/p>\n<p style=\"text-align: center;\"><iframe loading=\"lazy\" style=\"width: 120px; height: 240px;\" src=\"http:\/\/rcm-fr.amazon.fr\/e\/cm?t=sitesten-21&amp;o=8&amp;p=8&amp;l=as1&amp;asins=2081279053&amp;ref=tf_til&amp;fc1=000000&amp;IS2=1&amp;lt1=_blank&amp;m=amazon&amp;lc1=0000FF&amp;bc1=000000&amp;bg1=FFFFFF&amp;f=ifr\" height=\"240\" width=\"320\" frameborder=\"0\" marginwidth=\"0\" marginheight=\"0\" scrolling=\"no\"><\/iframe><\/p>\n<p style=\"text-align: center;\">Ed Philippe Berthier<br \/>\nFlammarion<br \/>\n<a title=\"Flammarion\" href=\"http:\/\/editions.flammarion.com\/Albums_Detail.cfm?ID=43633&amp;levelCode=litterature\" target=\"_blank\">http:\/\/editions.flammarion.com\/Albums_Detail.cfm?ID=43633&amp;levelCode=litterature<\/a><\/p>\n<p style=\"text-align: center;\">Parution: 06\/02\/2013<br \/>\nFormat: 10.9&#215;17.8&#215;1.3 cm<br \/>\nPrix: 6,90 \u20ac<br \/>\nEAN: 9782081279056<\/p>\n<p>M\u00e9moires r\u00e9dig\u00e9s en 1832 dans lesquels l&rsquo;\u00e9crivain, alors consul de France \u00e0 Civitavecchia, retrace sa vie de son d\u00e9part de Milan en juin 1821 \u00e0 sa nomination \u00e0 Trieste en novembre 1830.<\/p>\n","protected":false},"excerpt":{"rendered":"<p>Stendhal Souvenirs d&rsquo;\u00e9gotisme Ed Philippe Berthier Flammarion http:\/\/editions.flammarion.com\/Albums_Detail.cfm?ID=43633&amp;levelCode=litterature Parution: 06\/02\/2013 Format: 10.9&#215;17.8&#215;1.3 cm Prix: 6,90 \u20ac EAN: 9782081279056 M\u00e9moires r\u00e9dig\u00e9s en 1832 dans lesquels l&rsquo;\u00e9crivain, alors consul de France \u00e0 Civitavecchia, retrace sa vie de son d\u00e9part de Milan en &hellip; <a href=\"https:\/\/stendhal.fr\/?p=645\">Continuer la lecture <span class=\"meta-nav\">&rarr;<\/span><\/a><\/p>\n","protected":false},"author":1,"featured_media":0,"comment_status":"closed","ping_status":"closed","sticky":false,"template":"","format":"standard","meta":{"jetpack_post_was_ever_published":false,"_jetpack_newsletter_access":"","_jetpack_dont_email_post_to_subs":false,"_jetpack_newsletter_tier_id":0,"_jetpack_memberships_contains_paywalled_content":false,"_jetpack_memberships_contains_paid_content":false,"footnotes":"","jetpack_publicize_message":"","jetpack_publicize_feature_enabled":true,"jetpack_social_post_already_shared":true,"jetpack_social_options":{"image_generator_settings":{"template":"highway","default_image_id":0,"font":"","enabled":false},"version":2}},"categories":[2],"tags":[23],"class_list":["post-645","post","type-post","status-publish","format-standard","hentry","category-nouvelles-publications","tag-stendhal"],"jetpack_publicize_connections":[],"jetpack_featured_media_url":"","jetpack_sharing_enabled":true,"jetpack_shortlink":"https:\/\/wp.me\/p34K8b-ap","jetpack_likes_enabled":true,"_links":{"self":[{"href":"https:\/\/stendhal.fr\/index.php?rest_route=\/wp\/v2\/posts\/645","targetHints":{"allow":["GET"]}}],"collection":[{"href":"https:\/\/stendhal.fr\/index.php?rest_route=\/wp\/v2\/posts"}],"about":[{"href":"https:\/\/stendhal.fr\/index.php?rest_route=\/wp\/v2\/types\/post"}],"author":[{"embeddable":true,"href":"https:\/\/stendhal.fr\/index.php?rest_route=\/wp\/v2\/users\/1"}],"replies":[{"embeddable":true,"href":"https:\/\/stendhal.fr\/index.php?rest_route=%2Fwp%2Fv2%2Fcomments&post=645"}],"version-history":[{"count":3,"href":"https:\/\/stendhal.fr\/index.php?rest_route=\/wp\/v2\/posts\/645\/revisions"}],"predecessor-version":[{"id":648,"href":"https:\/\/stendhal.fr\/index.php?rest_route=\/wp\/v2\/posts\/645\/revisions\/648"}],"wp:attachment":[{"href":"https:\/\/stendhal.fr\/index.php?rest_route=%2Fwp%2Fv2%2Fmedia&parent=645"}],"wp:term":[{"taxonomy":"category","embeddable":true,"href":"https:\/\/stendhal.fr\/index.php?rest_route=%2Fwp%2Fv2%2Fcategories&post=645"},{"taxonomy":"post_tag","embeddable":true,"href":"https:\/\/stendhal.fr\/index.php?rest_route=%2Fwp%2Fv2%2Ftags&post=645"}],"curies":[{"name":"wp","href":"https:\/\/api.w.org\/{rel}","templated":true}]}}