{"id":633,"date":"2013-02-20T10:29:16","date_gmt":"2013-02-20T09:29:16","guid":{"rendered":"http:\/\/www.stendhal.fr\/?p=633"},"modified":"2013-02-20T14:21:37","modified_gmt":"2013-02-20T13:21:37","slug":"victor-del-litto","status":"publish","type":"post","link":"https:\/\/stendhal.fr\/?p=633","title":{"rendered":"Victor Del Litto"},"content":{"rendered":"<p>Un site consacr\u00e9 au professeur\u00a0 Victor Del Litto (1911-2004) , \u00e9minent stendhalien, a \u00e9t\u00e9 mis en place par Mme Gisela Moinet \u00e0 l&rsquo;adresse:<\/p>\n<p><a title=\"Victor Del Litto\" href=\"http:\/\/vittorio-del-litto-stendhal-beyle-grenoble-milan.e-monsite.com\/\" target=\"_blank\">http:\/\/vittorio-del-litto-stendhal-beyle-grenoble-milan.e-monsite.com\/<\/a><\/p>\n","protected":false},"excerpt":{"rendered":"<p>Un site consacr\u00e9 au professeur\u00a0 Victor Del Litto (1911-2004) , \u00e9minent stendhalien, a \u00e9t\u00e9 mis en place par Mme Gisela Moinet \u00e0 l&rsquo;adresse: http:\/\/vittorio-del-litto-stendhal-beyle-grenoble-milan.e-monsite.com\/<\/p>\n","protected":false},"author":1,"featured_media":0,"comment_status":"closed","ping_status":"closed","sticky":false,"template":"","format":"standard","meta":{"jetpack_post_was_ever_published":false,"_jetpack_newsletter_access":"","_jetpack_dont_email_post_to_subs":false,"_jetpack_newsletter_tier_id":0,"_jetpack_memberships_contains_paywalled_content":false,"_jetpack_memberships_contains_paid_content":false,"footnotes":"","jetpack_publicize_message":"","jetpack_publicize_feature_enabled":true,"jetpack_social_post_already_shared":true,"jetpack_social_options":{"image_generator_settings":{"template":"highway","default_image_id":0,"font":"","enabled":false},"version":2}},"categories":[5],"tags":[],"class_list":["post-633","post","type-post","status-publish","format-standard","hentry","category-stendhal-sur-internet"],"jetpack_publicize_connections":[],"jetpack_featured_media_url":"","jetpack_sharing_enabled":true,"jetpack_shortlink":"https:\/\/wp.me\/p34K8b-ad","jetpack_likes_enabled":true,"_links":{"self":[{"href":"https:\/\/stendhal.fr\/index.php?rest_route=\/wp\/v2\/posts\/633","targetHints":{"allow":["GET"]}}],"collection":[{"href":"https:\/\/stendhal.fr\/index.php?rest_route=\/wp\/v2\/posts"}],"about":[{"href":"https:\/\/stendhal.fr\/index.php?rest_route=\/wp\/v2\/types\/post"}],"author":[{"embeddable":true,"href":"https:\/\/stendhal.fr\/index.php?rest_route=\/wp\/v2\/users\/1"}],"replies":[{"embeddable":true,"href":"https:\/\/stendhal.fr\/index.php?rest_route=%2Fwp%2Fv2%2Fcomments&post=633"}],"version-history":[{"count":4,"href":"https:\/\/stendhal.fr\/index.php?rest_route=\/wp\/v2\/posts\/633\/revisions"}],"predecessor-version":[{"id":637,"href":"https:\/\/stendhal.fr\/index.php?rest_route=\/wp\/v2\/posts\/633\/revisions\/637"}],"wp:attachment":[{"href":"https:\/\/stendhal.fr\/index.php?rest_route=%2Fwp%2Fv2%2Fmedia&parent=633"}],"wp:term":[{"taxonomy":"category","embeddable":true,"href":"https:\/\/stendhal.fr\/index.php?rest_route=%2Fwp%2Fv2%2Fcategories&post=633"},{"taxonomy":"post_tag","embeddable":true,"href":"https:\/\/stendhal.fr\/index.php?rest_route=%2Fwp%2Fv2%2Ftags&post=633"}],"curies":[{"name":"wp","href":"https:\/\/api.w.org\/{rel}","templated":true}]}}