{"id":627,"date":"2013-02-12T10:48:33","date_gmt":"2013-02-12T09:48:33","guid":{"rendered":"http:\/\/www.stendhal.fr\/?p=627"},"modified":"2013-02-12T10:48:33","modified_gmt":"2013-02-12T09:48:33","slug":"stendhal-vie-de-henry-brulard","status":"publish","type":"post","link":"https:\/\/stendhal.fr\/?p=627","title":{"rendered":"Stendhal Vie de Henry Brulard"},"content":{"rendered":"<p style=\"text-align: center;\"><strong>Stendhal<\/strong><br \/>\n<strong> <em>Vie de Henry Brulard<\/em><\/strong><\/p>\n<p style=\"text-align: center;\"><iframe loading=\"lazy\" style=\"width: 120px; height: 240px;\" src=\"http:\/\/rcm-fr.amazon.fr\/e\/cm?t=sitesten-21&amp;o=8&amp;p=8&amp;l=as1&amp;asins=2253082120&amp;ref=tf_til&amp;fc1=000000&amp;IS2=1&amp;lt1=_blank&amp;m=amazon&amp;lc1=0000FF&amp;bc1=000000&amp;bg1=FFFFFF&amp;f=ifr\" height=\"240\" width=\"320\" frameborder=\"0\" marginwidth=\"0\" marginheight=\"0\" scrolling=\"no\"><\/iframe><\/p>\n<p>Le Livre de Poche<br \/>\nLes Classiques de Poche<\/p>\n<p>Date de publication: 23 janvier 2013<\/p>\n<p>S\u00e9rie: Classiques (Livre 32552)<\/p>\n<p>La <em>Vie de Henry Brulard<\/em>, entreprise en 1835 puis abandonn\u00e9e et laiss\u00e9e \u00e0 l&rsquo;\u00e9tat de manuscrit inachev\u00e9, trouve son origine dans le m\u00eame d\u00e9sir de raconter sa vie qu&rsquo;attestaient ses <em>Souvenirs d&rsquo;\u00e9gotisme<\/em>. Et l&rsquo;\u00e9gotisme, qui est d&rsquo;abord un mode d&rsquo;observation et d&rsquo;analyse de soi, se retrouve ici et oriente pour une part cette Vie du c\u00f4t\u00e9 de l&rsquo;autoportrait aussi bien que de l&rsquo;autobiographie ; mais c&rsquo;est \u00e9galement un roman puisque celui qui s&rsquo;appelle Henri Beyle et s&rsquo;est choisi Stendhal pour pseudonyme d\u00e9cide de se raconter sous un nom encore diff\u00e9rent. L&rsquo;auteur, ainsi, bouscule la tradition des m\u00e9moires : il se refuse d&rsquo;ailleurs \u00e0 reconstruire sa vie pour \u00e9viter de lui donner la coh\u00e9rence d&rsquo;un destin, et privil\u00e9gie le naturel d&rsquo;une \u00e9criture d\u00e9nu\u00e9e d&#8217;emphase. Stendhal, par cette spontan\u00e9it\u00e9, veut avant tout demeurer fid\u00e8le \u00e0 lui-m\u00eame, et se livre au plaisir dilettante d&rsquo;une cr\u00e9ation litt\u00e9raire qui est un bonheur que l&rsquo;on s&rsquo;offre \u2014 avant de l&rsquo;offrir au lecteur.<\/p>\n<p>Collection Classiques dirig\u00e9e par Michel Zink et Michel Jarrety<br \/>\n\u00c9dition de Fabienne Bercegol.<\/p>\n","protected":false},"excerpt":{"rendered":"<p>Stendhal Vie de Henry Brulard Le Livre de Poche Les Classiques de Poche Date de publication: 23 janvier 2013 S\u00e9rie: Classiques (Livre 32552) La Vie de Henry Brulard, entreprise en 1835 puis abandonn\u00e9e et laiss\u00e9e \u00e0 l&rsquo;\u00e9tat de manuscrit inachev\u00e9, &hellip; <a href=\"https:\/\/stendhal.fr\/?p=627\">Continuer la lecture <span class=\"meta-nav\">&rarr;<\/span><\/a><\/p>\n","protected":false},"author":1,"featured_media":0,"comment_status":"closed","ping_status":"closed","sticky":false,"template":"","format":"standard","meta":{"jetpack_post_was_ever_published":false,"_jetpack_newsletter_access":"","_jetpack_dont_email_post_to_subs":false,"_jetpack_newsletter_tier_id":0,"_jetpack_memberships_contains_paywalled_content":false,"_jetpack_memberships_contains_paid_content":false,"footnotes":"","jetpack_publicize_message":"","jetpack_publicize_feature_enabled":true,"jetpack_social_post_already_shared":true,"jetpack_social_options":{"image_generator_settings":{"template":"highway","default_image_id":0,"font":"","enabled":false},"version":2}},"categories":[2],"tags":[],"class_list":["post-627","post","type-post","status-publish","format-standard","hentry","category-nouvelles-publications"],"jetpack_publicize_connections":[],"jetpack_featured_media_url":"","jetpack_sharing_enabled":true,"jetpack_shortlink":"https:\/\/wp.me\/p34K8b-a7","jetpack_likes_enabled":true,"_links":{"self":[{"href":"https:\/\/stendhal.fr\/index.php?rest_route=\/wp\/v2\/posts\/627","targetHints":{"allow":["GET"]}}],"collection":[{"href":"https:\/\/stendhal.fr\/index.php?rest_route=\/wp\/v2\/posts"}],"about":[{"href":"https:\/\/stendhal.fr\/index.php?rest_route=\/wp\/v2\/types\/post"}],"author":[{"embeddable":true,"href":"https:\/\/stendhal.fr\/index.php?rest_route=\/wp\/v2\/users\/1"}],"replies":[{"embeddable":true,"href":"https:\/\/stendhal.fr\/index.php?rest_route=%2Fwp%2Fv2%2Fcomments&post=627"}],"version-history":[{"count":4,"href":"https:\/\/stendhal.fr\/index.php?rest_route=\/wp\/v2\/posts\/627\/revisions"}],"predecessor-version":[{"id":631,"href":"https:\/\/stendhal.fr\/index.php?rest_route=\/wp\/v2\/posts\/627\/revisions\/631"}],"wp:attachment":[{"href":"https:\/\/stendhal.fr\/index.php?rest_route=%2Fwp%2Fv2%2Fmedia&parent=627"}],"wp:term":[{"taxonomy":"category","embeddable":true,"href":"https:\/\/stendhal.fr\/index.php?rest_route=%2Fwp%2Fv2%2Fcategories&post=627"},{"taxonomy":"post_tag","embeddable":true,"href":"https:\/\/stendhal.fr\/index.php?rest_route=%2Fwp%2Fv2%2Ftags&post=627"}],"curies":[{"name":"wp","href":"https:\/\/api.w.org\/{rel}","templated":true}]}}