{"id":603,"date":"2013-01-11T14:20:42","date_gmt":"2013-01-11T13:20:42","guid":{"rendered":"http:\/\/www.stendhal.fr\/?p=603"},"modified":"2013-01-11T14:25:04","modified_gmt":"2013-01-11T13:25:04","slug":"appelle-moi-stendhal-gerard-guegan","status":"publish","type":"post","link":"https:\/\/stendhal.fr\/?p=603","title":{"rendered":"Appelle-moi Stendhal G\u00e9rard Gu\u00e9gan"},"content":{"rendered":"<p align=\"center\"><strong><em>Appelle-moi Stendhal<\/em><\/strong><\/p>\n<p align=\"center\">G\u00e9rard Gu\u00e9gan<\/p>\n<p align=\"center\">\n<iframe src=\"http:\/\/rcm-fr.amazon.fr\/e\/cm?t=sitesten-21&amp;o=8&amp;p=8&amp;l=as1&amp;asins=223407116X&amp;ref=tf_til&amp;fc1=000000&amp;IS2=1&amp;lt1=_blank&amp;m=amazon&amp;lc1=0000FF&amp;bc1=000000&amp;bg1=FFFFFF&amp;f=ifr\" style=\"width: 120px; height: 240px\" marginwidth=\"0\" marginheight=\"0\" frameborder=\"0\" scrolling=\"no\"><\/iframe><\/p>\n<p>Code EAN \/ ISBN : 9782234071162<br \/>\nCode HACHETTE : 5490883<br \/>\nPrix TTC : 18,00 \u20ac<br \/>\nDate de parution : 06\/02\/2013<br \/>\nDimensions : 215 x 135 mm<br \/>\nNombre de pages : 176<br \/>\nCopyright \u00a9 Editions Stock, 2013<br \/>\n<a href=\"http:\/\/www.editions-stock.fr\/livre\/stock-406136-Appelle-moi-Stendhal-hachette.html\" title=\"Stock\" target=\"_blank\"><br \/>\nhttp:\/\/www.editions-stock.fr\/livre\/stock-406136-Appelle-moi-Stendhal-hachette.html<\/a><\/p>\n<p align=\"left\">Chacun le sait, tout ce qui s\u2019est \u00e9crit sur la mort d\u2019Henri Beyle, alias Stendhal, rel\u00e8ve de l\u2019invention. M\u00eame son cousin Romain Colomb a biseaut\u00e9 les cartes. M\u00eame M\u00e9rim\u00e9e, ami de longue date, a cherch\u00e9 le scandale en d\u00e9formant les faits.<br \/>\nL\u2019\u00e9v\u00e9nement a pourtant eu un t\u00e9moin direct, Joseph Lingay. \u00c9minence grise de la monarchie de Juillet, cet \u00e9l\u00e8ve de Fouch\u00e9, qui se disait \u00ab le plus corrompu des corrupteurs \u00bb, r\u00e9gnait sur les fonds secrets de cinq minist\u00e8res. Il en fit ainsi profiter Gautier, Nerval, Heine. Et, fort de son pouvoir, il \u00e9tait sur le point en mars 1842 d\u2019envoyer \u00e0 l\u2019Acad\u00e9mie son cher Stendhal, avec qui il avait partag\u00e9 plus d\u2019un plaisir.<br \/>\nTous les deux, d\u2019ailleurs, sortaient d\u2019un bordel le soir o\u00f9, foudroy\u00e9 par l\u2019apoplexie, l\u2019\u00e9crivain manqua s\u2019\u00e9craser sur le pav\u00e9 parisien. Dans les heures, les jours suivants, Lingay s\u2019employa \u00e0 assurer sa l\u00e9gende, en s\u2019aidant d\u2019Old Nick, le d\u00e9couvreur de <em>La Chartreuse<\/em>, du jeune Gobineau, Ultra ralli\u00e9 \u00e0 la cause de Mathilde de La Mole, et de Balzac, pas des plus rigoureux quand il y allait de l\u2019argent.<br \/>\nParce qu\u2019il a pu consulter les carnets secrets de Lingay, r\u00e9put\u00e9s perdus, et un in\u00e9dit de Gobineau connu du seul Aragon, G\u00e9rard Gu\u00e9gan s\u2019est autoris\u00e9 \u00e0 tutoyer l\u2019Histoire le temps d\u2019une derni\u00e8re valse. La derni\u00e8re valse du romantisme. Les femmes y sont audacieuses et les hommes brillants.<br \/>\nC\u2019est la vie. La vraie. La belle.<\/p>\n","protected":false},"excerpt":{"rendered":"<p>Appelle-moi Stendhal G\u00e9rard Gu\u00e9gan Code EAN \/ ISBN : 9782234071162 Code HACHETTE : 5490883 Prix TTC : 18,00 \u20ac Date de parution : 06\/02\/2013 Dimensions : 215 x 135 mm Nombre de pages : 176 Copyright \u00a9 Editions Stock, 2013 &hellip; <a href=\"https:\/\/stendhal.fr\/?p=603\">Continuer la lecture <span class=\"meta-nav\">&rarr;<\/span><\/a><\/p>\n","protected":false},"author":1,"featured_media":0,"comment_status":"closed","ping_status":"open","sticky":false,"template":"","format":"standard","meta":{"jetpack_post_was_ever_published":false,"_jetpack_newsletter_access":"","_jetpack_dont_email_post_to_subs":false,"_jetpack_newsletter_tier_id":0,"_jetpack_memberships_contains_paywalled_content":false,"_jetpack_memberships_contains_paid_content":false,"footnotes":"","jetpack_publicize_message":"","jetpack_publicize_feature_enabled":true,"jetpack_social_post_already_shared":false,"jetpack_social_options":{"image_generator_settings":{"template":"highway","default_image_id":0,"font":"","enabled":false},"version":2}},"categories":[2],"tags":[],"class_list":["post-603","post","type-post","status-publish","format-standard","hentry","category-nouvelles-publications"],"jetpack_publicize_connections":[],"jetpack_featured_media_url":"","jetpack_sharing_enabled":true,"jetpack_shortlink":"https:\/\/wp.me\/p34K8b-9J","jetpack_likes_enabled":true,"_links":{"self":[{"href":"https:\/\/stendhal.fr\/index.php?rest_route=\/wp\/v2\/posts\/603","targetHints":{"allow":["GET"]}}],"collection":[{"href":"https:\/\/stendhal.fr\/index.php?rest_route=\/wp\/v2\/posts"}],"about":[{"href":"https:\/\/stendhal.fr\/index.php?rest_route=\/wp\/v2\/types\/post"}],"author":[{"embeddable":true,"href":"https:\/\/stendhal.fr\/index.php?rest_route=\/wp\/v2\/users\/1"}],"replies":[{"embeddable":true,"href":"https:\/\/stendhal.fr\/index.php?rest_route=%2Fwp%2Fv2%2Fcomments&post=603"}],"version-history":[{"count":0,"href":"https:\/\/stendhal.fr\/index.php?rest_route=\/wp\/v2\/posts\/603\/revisions"}],"wp:attachment":[{"href":"https:\/\/stendhal.fr\/index.php?rest_route=%2Fwp%2Fv2%2Fmedia&parent=603"}],"wp:term":[{"taxonomy":"category","embeddable":true,"href":"https:\/\/stendhal.fr\/index.php?rest_route=%2Fwp%2Fv2%2Fcategories&post=603"},{"taxonomy":"post_tag","embeddable":true,"href":"https:\/\/stendhal.fr\/index.php?rest_route=%2Fwp%2Fv2%2Ftags&post=603"}],"curies":[{"name":"wp","href":"https:\/\/api.w.org\/{rel}","templated":true}]}}