{"id":593,"date":"2012-11-30T10:07:15","date_gmt":"2012-11-30T09:07:15","guid":{"rendered":"http:\/\/www.stendhal.fr\/?p=593"},"modified":"2012-11-30T10:26:56","modified_gmt":"2012-11-30T09:26:56","slug":"le-rouge-et-le-noir-essai-sur-le-romanesque-stendhalien","status":"publish","type":"post","link":"https:\/\/stendhal.fr\/?p=593","title":{"rendered":"Le Rouge et le Noir  Essai sur le romanesque stendhalien."},"content":{"rendered":"<p align=\"center\"> <strong><em>Le Rouge et le Noir<\/em><\/strong><\/p>\n<p><strong><em> <\/em><\/strong><\/p>\n<p align=\"center\"><strong><em>Essai sur le romanesque stendhalien.<\/em><\/strong><\/p>\n<p align=\"center\">Nouvelle \u00e9dition revue, corrig\u00e9e et augment\u00e9e de deux essais<\/p>\n<p align=\"center\">Michel Crouzet<\/p>\n<p align=\"center\"><a href=\"http:\/\/www.stendhal.fr\/wp-content\/2012\/11\/book_169.jpg\" title=\"Le Rouge et le Noir  Essai sur le romanesque stendhalien.\"><img decoding=\"async\" src=\"http:\/\/www.stendhal.fr\/wp-content\/2012\/11\/book_169.thumbnail.jpg\" alt=\"Le Rouge et le Noir  Essai sur le romanesque stendhalien.\" \/><\/a><\/p>\n<p align=\"center\">Histoire et Critique litt\u00e9raire<\/p>\n<p align=\"center\"><a href=\"http:\/\/www.euredit-editions.com\/f\/index.php?sp=liv&amp;livre_id=169http:\/\/www.euredit-editions.com\/f\/index.php?sp=liv&amp;livre_id=169\" title=\"EUREDIT\" target=\"_blank\">http:\/\/www.euredit-editions.com\/f\/index.php?sp=liv&amp;livre_id=169 <\/a><\/p>\n<p align=\"center\">Date de parution\u00a0: 2012<\/p>\n<p align=\"center\">ISBN\u00a0: 978-284-830-167-9<\/p>\n<p align=\"center\">14 x 20,5 cm<\/p>\n<p align=\"center\">dos carr\u00e9 coll\u00e9<\/p>\n<p align=\"center\">354 pages<\/p>\n<p align=\"center\">65\u00a0\u20ac<\/p>\n<p> Cet essai met \u00e0 la disposition du public, les acquis de l\u2019immense  critique \u00ab rougiste \u00bb qui a accumul\u00e9 des donn\u00e9es \u00e9rudites, historiques, \u00ab  po\u00e9tiques \u00bb, ou th\u00e9matiques trop souvent connues des seuls  sp\u00e9cialistes.<br \/>\nSon projet est \u00e9galement de replacer le roman le plus  c\u00e9l\u00e8bre de Stendhal dans le genre et la tradition romanesques,  d\u2019explorer la refondation, romantique et r\u00e9aliste indiff\u00e9remment, du  roman par l\u2019auteur, qui met en question le genre pour le recr\u00e9er plus  fort, plus convaincant, plus agissant sur un public moderne.<br \/>\nC\u2019est enfin toute la po\u00e9tique de Stendhal qui est pr\u00e9sente dans le <em>Rouge<\/em>  et ses deux principes antinomiques et conjugu\u00e9s, la force et le jeu, le  clair et l\u2019obscur, apparaissent \u00e0 chaque \u00e9tape de l\u2019analyse. Le r\u00e9el  n\u2019est-il pas pour Stendhal le point de d\u00e9part, ou d\u2019envol, de  l\u2019imagination ?<br \/>\nCette nouvelle \u00e9dition, revue et corrig\u00e9e, est  suivie de deux essais in\u00e9dits : \u00ab La Formation aristocratique de Julien  Sorel \u00bb et \u00ab La Laideur dans <em>Le Rouge et le Noir<\/em> \u00bb.<\/p>\n","protected":false},"excerpt":{"rendered":"<p>Le Rouge et le Noir Essai sur le romanesque stendhalien. Nouvelle \u00e9dition revue, corrig\u00e9e et augment\u00e9e de deux essais Michel Crouzet Histoire et Critique litt\u00e9raire http:\/\/www.euredit-editions.com\/f\/index.php?sp=liv&amp;livre_id=169 Date de parution\u00a0: 2012 ISBN\u00a0: 978-284-830-167-9 14 x 20,5 cm dos carr\u00e9 coll\u00e9 354 &hellip; <a href=\"https:\/\/stendhal.fr\/?p=593\">Continuer la lecture <span class=\"meta-nav\">&rarr;<\/span><\/a><\/p>\n","protected":false},"author":1,"featured_media":0,"comment_status":"closed","ping_status":"open","sticky":false,"template":"","format":"standard","meta":{"jetpack_post_was_ever_published":false,"_jetpack_newsletter_access":"","_jetpack_dont_email_post_to_subs":false,"_jetpack_newsletter_tier_id":0,"_jetpack_memberships_contains_paywalled_content":false,"_jetpack_memberships_contains_paid_content":false,"footnotes":"","jetpack_publicize_message":"","jetpack_publicize_feature_enabled":true,"jetpack_social_post_already_shared":false,"jetpack_social_options":{"image_generator_settings":{"template":"highway","default_image_id":0,"font":"","enabled":false},"version":2}},"categories":[2],"tags":[],"class_list":["post-593","post","type-post","status-publish","format-standard","hentry","category-nouvelles-publications"],"jetpack_publicize_connections":[],"jetpack_featured_media_url":"","jetpack_sharing_enabled":true,"jetpack_shortlink":"https:\/\/wp.me\/p34K8b-9z","jetpack_likes_enabled":true,"_links":{"self":[{"href":"https:\/\/stendhal.fr\/index.php?rest_route=\/wp\/v2\/posts\/593","targetHints":{"allow":["GET"]}}],"collection":[{"href":"https:\/\/stendhal.fr\/index.php?rest_route=\/wp\/v2\/posts"}],"about":[{"href":"https:\/\/stendhal.fr\/index.php?rest_route=\/wp\/v2\/types\/post"}],"author":[{"embeddable":true,"href":"https:\/\/stendhal.fr\/index.php?rest_route=\/wp\/v2\/users\/1"}],"replies":[{"embeddable":true,"href":"https:\/\/stendhal.fr\/index.php?rest_route=%2Fwp%2Fv2%2Fcomments&post=593"}],"version-history":[{"count":0,"href":"https:\/\/stendhal.fr\/index.php?rest_route=\/wp\/v2\/posts\/593\/revisions"}],"wp:attachment":[{"href":"https:\/\/stendhal.fr\/index.php?rest_route=%2Fwp%2Fv2%2Fmedia&parent=593"}],"wp:term":[{"taxonomy":"category","embeddable":true,"href":"https:\/\/stendhal.fr\/index.php?rest_route=%2Fwp%2Fv2%2Fcategories&post=593"},{"taxonomy":"post_tag","embeddable":true,"href":"https:\/\/stendhal.fr\/index.php?rest_route=%2Fwp%2Fv2%2Ftags&post=593"}],"curies":[{"name":"wp","href":"https:\/\/api.w.org\/{rel}","templated":true}]}}