{"id":591,"date":"2012-11-28T10:55:55","date_gmt":"2012-11-28T09:55:55","guid":{"rendered":"http:\/\/www.stendhal.fr\/?p=591"},"modified":"2012-11-30T10:27:19","modified_gmt":"2012-11-30T09:27:19","slug":"stendhal-et-ses-commentateurs-jean-melia","status":"publish","type":"post","link":"https:\/\/stendhal.fr\/?p=591","title":{"rendered":"Stendhal et ses commentateurs Jean M\u00e9lia"},"content":{"rendered":"<p align=\"center\"><strong><em>Stendhal et ses commentateurs<\/em><\/strong><br \/>\nJean M\u00e9lia\n<\/p>\n<p align=\"center\"><a href=\"http:\/\/www.stendhal.fr\/wp-content\/2012\/11\/melia.jpg\" title=\"Stendhal et ses commentateurs\"><img decoding=\"async\" src=\"http:\/\/www.stendhal.fr\/wp-content\/2012\/11\/melia.thumbnail.jpg\" alt=\"Stendhal et ses commentateurs\" \/><\/a><\/p>\n<p align=\"center\">EUREDIT<\/p>\n<p align=\"center\"><a href=\"http:\/\/www.euredit-editions.com\/f\/index.php?sp=liv&amp;livre_id=170\" title=\"Stendhal et ses commentateurs\" target=\"_blank\">http:\/\/www.euredit-editions.com\/f\/index.php?sp=liv&amp;livre_id=170<\/a><\/p>\n<p align=\"center\">Histoire et Critique litt\u00e9raire<br \/>\nDate de parution\u00a0: 2012<br \/>\nISBN\u00a0: 978-284-830-170-9<br \/>\n12 x 18,5 cm<br \/>\ndos carr\u00e9 coll\u00e9<br \/>\n418 pages<br \/>\n72\u00a0\u20ac<\/p>\n<p>\u00ab C\u2019est la cons\u00e9cration d\u2019une gloire que de parler sans cesse d\u2019elle comme on parle de celle des \u00e9crivains grecs ou latins ou des grands classiques fran\u00e7ais. La m\u00e9moire de Stendhal en doit \u00eatre bien aise. Stendhal eut, en effet, le courage, pour la d\u00e9fense de ses th\u00e9ories, d\u2019affronter toutes les opinions re\u00e7ues et accept\u00e9es de ses contemporains. Il a dit lui-m\u00eame qu\u2019il d\u00e9sirait sur son compte la v\u00e9rit\u00e9 la plus enti\u00e8re et la plus \u00e2pre. Il aimait la critique parce qu\u2019il \u00e9tait anim\u00e9 d\u2019un orgueil : celui de remplir noblement et le plus intellectuellement sa t\u00e2che. \u00bb?\u00a0Jean MELIA<\/p>\n","protected":false},"excerpt":{"rendered":"<p>Stendhal et ses commentateurs Jean M\u00e9lia EUREDIT http:\/\/www.euredit-editions.com\/f\/index.php?sp=liv&amp;livre_id=170 Histoire et Critique litt\u00e9raire Date de parution\u00a0: 2012 ISBN\u00a0: 978-284-830-170-9 12 x 18,5 cm dos carr\u00e9 coll\u00e9 418 pages 72\u00a0\u20ac \u00ab C\u2019est la cons\u00e9cration d\u2019une gloire que de parler sans cesse d\u2019elle &hellip; <a href=\"https:\/\/stendhal.fr\/?p=591\">Continuer la lecture <span class=\"meta-nav\">&rarr;<\/span><\/a><\/p>\n","protected":false},"author":1,"featured_media":0,"comment_status":"closed","ping_status":"open","sticky":false,"template":"","format":"standard","meta":{"jetpack_post_was_ever_published":false,"_jetpack_newsletter_access":"","_jetpack_dont_email_post_to_subs":false,"_jetpack_newsletter_tier_id":0,"_jetpack_memberships_contains_paywalled_content":false,"_jetpack_memberships_contains_paid_content":false,"footnotes":"","jetpack_publicize_message":"","jetpack_publicize_feature_enabled":true,"jetpack_social_post_already_shared":false,"jetpack_social_options":{"image_generator_settings":{"template":"highway","default_image_id":0,"font":"","enabled":false},"version":2}},"categories":[2],"tags":[],"class_list":["post-591","post","type-post","status-publish","format-standard","hentry","category-nouvelles-publications"],"jetpack_publicize_connections":[],"jetpack_featured_media_url":"","jetpack_sharing_enabled":true,"jetpack_shortlink":"https:\/\/wp.me\/p34K8b-9x","jetpack_likes_enabled":true,"_links":{"self":[{"href":"https:\/\/stendhal.fr\/index.php?rest_route=\/wp\/v2\/posts\/591","targetHints":{"allow":["GET"]}}],"collection":[{"href":"https:\/\/stendhal.fr\/index.php?rest_route=\/wp\/v2\/posts"}],"about":[{"href":"https:\/\/stendhal.fr\/index.php?rest_route=\/wp\/v2\/types\/post"}],"author":[{"embeddable":true,"href":"https:\/\/stendhal.fr\/index.php?rest_route=\/wp\/v2\/users\/1"}],"replies":[{"embeddable":true,"href":"https:\/\/stendhal.fr\/index.php?rest_route=%2Fwp%2Fv2%2Fcomments&post=591"}],"version-history":[{"count":0,"href":"https:\/\/stendhal.fr\/index.php?rest_route=\/wp\/v2\/posts\/591\/revisions"}],"wp:attachment":[{"href":"https:\/\/stendhal.fr\/index.php?rest_route=%2Fwp%2Fv2%2Fmedia&parent=591"}],"wp:term":[{"taxonomy":"category","embeddable":true,"href":"https:\/\/stendhal.fr\/index.php?rest_route=%2Fwp%2Fv2%2Fcategories&post=591"},{"taxonomy":"post_tag","embeddable":true,"href":"https:\/\/stendhal.fr\/index.php?rest_route=%2Fwp%2Fv2%2Ftags&post=591"}],"curies":[{"name":"wp","href":"https:\/\/api.w.org\/{rel}","templated":true}]}}