{"id":567,"date":"2012-01-23T10:29:05","date_gmt":"2012-01-23T09:29:05","guid":{"rendered":"http:\/\/www.stendhal.fr\/?p=567"},"modified":"2012-01-23T10:36:03","modified_gmt":"2012-01-23T09:36:03","slug":"stendhal-vienne-l%e2%80%99autriche","status":"publish","type":"post","link":"https:\/\/stendhal.fr\/?p=567","title":{"rendered":"Stendhal, Vienne, l\u2019Autriche"},"content":{"rendered":"<p align=\"center\"><strong><em>Stendhal, Vienne, l\u2019Autriche<\/em><\/strong><\/p>\n<p><strong> <\/strong><\/p>\n<p align=\"center\"><strong>Recherches &amp; Travaux\u00a0 no?79<\/strong><\/p>\n<p align=\"center\">Textes r\u00e9unis et pr\u00e9sent\u00e9s par Marie-Rose Corredor<\/p>\n<p align=\"center\"><a href=\"http:\/\/w3.u-grenoble3.fr\/ellug\/index.html\/\" title=\"Ellug\" target=\"_blank\">ELLUG<\/a><br \/>\nISBN : 978-2-84310-215-8<\/p>\n<p align=\"center\">Format : 16 x 24, 142 pages<br \/>\n13 \u20ac TTC + 2,50 \u20ac de frais de port pour le 1er exemplaire command\u00e9 + 1,00 \u20ac pour les suivants<\/p>\n<p>Table des mati\u00e8res<\/p>\n<p>Avant \u2013propos par Chantal Massol<\/p>\n<p>Pr\u00e9sentation par Marie-Rose Corredor<\/p>\n<p>Voyage et diplomatie en Autriche<\/p>\n<p>Voyageurs et polygraphes autrichiens autour de 1809<br \/>\nFran\u00e7oise Knopper<\/p>\n<p>Beyle-Stendhal en 1809\u00a0: les \u00e9nigmes de la Campagne de Vienne<br \/>\nElaine Williamson<\/p>\n<p>Les Journaux de s\u00e9jour de Stendhal et Faure \u00e0 Vienne en 1809\u00a0: images de la ville et images de soi<br \/>\nMuriel Bassou<\/p>\n<p>Vienne 1809\u00a0: Stendhal \u00ab europ\u00e9en \u00bb<\/p>\n<p>Beyle et Haydn<br \/>\nFrancis Claudon<\/p>\n<p>Stendhal, De L\u2019Allemagne 1809 (Cimarosa et Mozart)<br \/>\nSuzel Esquier<\/p>\n<p>Profumo di Vienna\u00a0: 1809, le mill\u00e9sime autrichien de Stendhal<br \/>\nJean-Jacques Labia<\/p>\n<p>De l\u2019id\u00e9ologie au romantisme\u00a0: la dette envers l\u2019Autriche<\/p>\n<p>Stendhal et l\u2019id\u00e9alisme allemand<br \/>\nAlexandra Pion<\/p>\n<p>Cristaux de Bavi\u00e8re<br \/>\nMarie-Rose Corredor<\/p>\n<p>Dossier<br \/>\nBibliographie<\/p>\n","protected":false},"excerpt":{"rendered":"<p>Stendhal, Vienne, l\u2019Autriche Recherches &amp; Travaux\u00a0 no?79 Textes r\u00e9unis et pr\u00e9sent\u00e9s par Marie-Rose Corredor ELLUG ISBN : 978-2-84310-215-8 Format : 16 x 24, 142 pages 13 \u20ac TTC + 2,50 \u20ac de frais de port pour le 1er exemplaire command\u00e9 &hellip; <a href=\"https:\/\/stendhal.fr\/?p=567\">Continuer la lecture <span class=\"meta-nav\">&rarr;<\/span><\/a><\/p>\n","protected":false},"author":1,"featured_media":0,"comment_status":"closed","ping_status":"open","sticky":false,"template":"","format":"standard","meta":{"jetpack_post_was_ever_published":false,"_jetpack_newsletter_access":"","_jetpack_dont_email_post_to_subs":false,"_jetpack_newsletter_tier_id":0,"_jetpack_memberships_contains_paywalled_content":false,"_jetpack_memberships_contains_paid_content":false,"footnotes":"","jetpack_publicize_message":"","jetpack_publicize_feature_enabled":true,"jetpack_social_post_already_shared":false,"jetpack_social_options":{"image_generator_settings":{"template":"highway","default_image_id":0,"font":"","enabled":false},"version":2}},"categories":[2],"tags":[],"class_list":["post-567","post","type-post","status-publish","format-standard","hentry","category-nouvelles-publications"],"jetpack_publicize_connections":[],"jetpack_featured_media_url":"","jetpack_sharing_enabled":true,"jetpack_shortlink":"https:\/\/wp.me\/p34K8b-99","jetpack_likes_enabled":true,"_links":{"self":[{"href":"https:\/\/stendhal.fr\/index.php?rest_route=\/wp\/v2\/posts\/567","targetHints":{"allow":["GET"]}}],"collection":[{"href":"https:\/\/stendhal.fr\/index.php?rest_route=\/wp\/v2\/posts"}],"about":[{"href":"https:\/\/stendhal.fr\/index.php?rest_route=\/wp\/v2\/types\/post"}],"author":[{"embeddable":true,"href":"https:\/\/stendhal.fr\/index.php?rest_route=\/wp\/v2\/users\/1"}],"replies":[{"embeddable":true,"href":"https:\/\/stendhal.fr\/index.php?rest_route=%2Fwp%2Fv2%2Fcomments&post=567"}],"version-history":[{"count":0,"href":"https:\/\/stendhal.fr\/index.php?rest_route=\/wp\/v2\/posts\/567\/revisions"}],"wp:attachment":[{"href":"https:\/\/stendhal.fr\/index.php?rest_route=%2Fwp%2Fv2%2Fmedia&parent=567"}],"wp:term":[{"taxonomy":"category","embeddable":true,"href":"https:\/\/stendhal.fr\/index.php?rest_route=%2Fwp%2Fv2%2Fcategories&post=567"},{"taxonomy":"post_tag","embeddable":true,"href":"https:\/\/stendhal.fr\/index.php?rest_route=%2Fwp%2Fv2%2Ftags&post=567"}],"curies":[{"name":"wp","href":"https:\/\/api.w.org\/{rel}","templated":true}]}}