{"id":562,"date":"2011-12-08T11:27:44","date_gmt":"2011-12-08T10:27:44","guid":{"rendered":"http:\/\/www.stendhal.fr\/?p=562"},"modified":"2011-12-08T11:45:30","modified_gmt":"2011-12-08T10:45:30","slug":"la-sanseverina-theatre-dapres-la-chartreuse-de-parme-de-stendhal","status":"publish","type":"post","link":"https:\/\/stendhal.fr\/?p=562","title":{"rendered":"La Sanseverina Th\u00e9\u00e2tre d&rsquo;apr\u00e8s La Chartreuse de Parme de Stendhal"},"content":{"rendered":"<p align=\"center\">LA SANSEVERINA<br \/>\nTh\u00e9\u00e2tre d&rsquo;apr\u00e8s <em>La Chartreuse de Parme<\/em> de Stendhal<br \/>\nRobert Pouderou<br \/>\nEditions Orizons<br \/>\nLitt\u00e9ratures\n<\/p>\n<p align=\"center\"><iframe src=\"http:\/\/rcm-fr.amazon.fr\/e\/cm?t=sitesten-21&amp;o=8&amp;p=8&amp;l=as1&amp;asins=2296088074&amp;ref=tf_til&amp;fc1=000000&amp;IS2=1&amp;lt1=_blank&amp;m=amazon&amp;lc1=0000FF&amp;bc1=000000&amp;bg1=FFFFFF&amp;f=ifr\" style=\"width: 120px; height: 240px\" marginwidth=\"0\" marginheight=\"0\" frameborder=\"0\" scrolling=\"no\"><\/iframe><\/p>\n<p>Cette pi\u00e8ce est adapt\u00e9e assez librement de <em>La chartreuse de Parme<\/em> de Stendhal. Command\u00e9e par le Th\u00e9\u00e2tre Stabile des Abruzzes, elle a \u00e9t\u00e9 cr\u00e9\u00e9e au Festival de Capri 1999 et repr\u00e9sent\u00e9e pendant deux hivers (1999-2000 et 2000-2001) dans vingt-sept villes d&rsquo;Italie. <em>La Sanseverina<\/em>, r\u00e9flexion souvent ironique sur l&rsquo;amour, le bonheur et le pouvoir du Prince, n&rsquo;a retenu que neuf personnages du roman. Son action dramatique tire sa force des relations passionn\u00e9es et ambig\u00fces du trio central : la Sanseverina, son neveu Fabrice del Dongo, son amant le comte Mosca.<\/p>\n<p>ISBN\u00a0:\u00a0978-2-296-08807-8\u00a0\u2022 octobre\u00a02011\u00a0\u2022 156\u00a0pages<\/p>\n<p>Prix \u00e9diteur : 14\u00a0\u20ac\u00a013,30\u00a0\u20ac\u00a0\/ 87\u00a0FF<\/p>\n<p><a href=\"http:\/\/www.editions-harmattan.fr\/index.asp?navig=catalogue&amp;obj=livre&amp;no=35217\" target=\"_blank\">http:\/\/www.editions-harmattan.fr\/index.asp?navig=catalogue&amp;obj=livre&amp;no=35217<\/a><\/p>\n","protected":false},"excerpt":{"rendered":"<p>LA SANSEVERINA Th\u00e9\u00e2tre d&rsquo;apr\u00e8s La Chartreuse de Parme de Stendhal Robert Pouderou Editions Orizons Litt\u00e9ratures Cette pi\u00e8ce est adapt\u00e9e assez librement de La chartreuse de Parme de Stendhal. Command\u00e9e par le Th\u00e9\u00e2tre Stabile des Abruzzes, elle a \u00e9t\u00e9 cr\u00e9\u00e9e au &hellip; <a href=\"https:\/\/stendhal.fr\/?p=562\">Continuer la lecture <span class=\"meta-nav\">&rarr;<\/span><\/a><\/p>\n","protected":false},"author":1,"featured_media":0,"comment_status":"closed","ping_status":"open","sticky":false,"template":"","format":"standard","meta":{"jetpack_post_was_ever_published":false,"_jetpack_newsletter_access":"","_jetpack_dont_email_post_to_subs":false,"_jetpack_newsletter_tier_id":0,"_jetpack_memberships_contains_paywalled_content":false,"_jetpack_memberships_contains_paid_content":false,"footnotes":"","jetpack_publicize_message":"","jetpack_publicize_feature_enabled":true,"jetpack_social_post_already_shared":false,"jetpack_social_options":{"image_generator_settings":{"template":"highway","default_image_id":0,"font":"","enabled":false},"version":2}},"categories":[2],"tags":[],"class_list":["post-562","post","type-post","status-publish","format-standard","hentry","category-nouvelles-publications"],"jetpack_publicize_connections":[],"jetpack_featured_media_url":"","jetpack_sharing_enabled":true,"jetpack_shortlink":"https:\/\/wp.me\/p34K8b-94","jetpack_likes_enabled":true,"_links":{"self":[{"href":"https:\/\/stendhal.fr\/index.php?rest_route=\/wp\/v2\/posts\/562","targetHints":{"allow":["GET"]}}],"collection":[{"href":"https:\/\/stendhal.fr\/index.php?rest_route=\/wp\/v2\/posts"}],"about":[{"href":"https:\/\/stendhal.fr\/index.php?rest_route=\/wp\/v2\/types\/post"}],"author":[{"embeddable":true,"href":"https:\/\/stendhal.fr\/index.php?rest_route=\/wp\/v2\/users\/1"}],"replies":[{"embeddable":true,"href":"https:\/\/stendhal.fr\/index.php?rest_route=%2Fwp%2Fv2%2Fcomments&post=562"}],"version-history":[{"count":0,"href":"https:\/\/stendhal.fr\/index.php?rest_route=\/wp\/v2\/posts\/562\/revisions"}],"wp:attachment":[{"href":"https:\/\/stendhal.fr\/index.php?rest_route=%2Fwp%2Fv2%2Fmedia&parent=562"}],"wp:term":[{"taxonomy":"category","embeddable":true,"href":"https:\/\/stendhal.fr\/index.php?rest_route=%2Fwp%2Fv2%2Fcategories&post=562"},{"taxonomy":"post_tag","embeddable":true,"href":"https:\/\/stendhal.fr\/index.php?rest_route=%2Fwp%2Fv2%2Ftags&post=562"}],"curies":[{"name":"wp","href":"https:\/\/api.w.org\/{rel}","templated":true}]}}