{"id":555,"date":"2011-09-21T11:57:29","date_gmt":"2011-09-21T10:57:29","guid":{"rendered":"http:\/\/www.stendhal.fr\/?p=555"},"modified":"2011-09-21T12:05:58","modified_gmt":"2011-09-21T11:05:58","slug":"stendhal-litterature-politique-et-religion-melees","status":"publish","type":"post","link":"https:\/\/stendhal.fr\/?p=555","title":{"rendered":"Stendhal. Litt\u00e9rature, politique et religion m\u00eal\u00e9es"},"content":{"rendered":"<p align=\"center\"><strong><em>Stendhal. Litt\u00e9rature, politique et religion m\u00eal\u00e9es<\/em><\/strong><\/p>\n<p align=\"center\"><strong>Berthier (Philippe)<\/strong><\/p>\n<p align=\"center\">\n<iframe src=\"http:\/\/rcm-fr.amazon.fr\/e\/cm?t=sitesten-21&amp;o=8&amp;p=8&amp;l=as1&amp;asins=2812402652&amp;ref=tf_til&amp;fc1=000000&amp;IS2=1&amp;lt1=_blank&amp;m=amazon&amp;lc1=0000FF&amp;bc1=000000&amp;bg1=FFFFFF&amp;f=ifr\" style=\"width: 120px; height: 240px\" marginwidth=\"0\" marginheight=\"0\" frameborder=\"0\" scrolling=\"no\"><\/iframe><\/p>\n<p>La modernit\u00e9 est pour Stendhal un \u00ab mixte \u00bb impur de litt\u00e9rature, de politique et de religion. Il ausculte l\u2019imbrication constitutive dans l\u2019espace litt\u00e9raire des enjeux de pouvoir manipul\u00e9s par la coalition des instances politiques et religieuses qui d\u00e9mobilisent l\u2019esprit critique au nom de valeurs suppos\u00e9es transcendantes et inactuelles. Mystification int\u00e9ress\u00e9e qu\u2019il n\u2019a de cesse de d\u00e9noncer, redonnant \u00e0 la litt\u00e9rature son r\u00f4le de creuset des affrontements id\u00e9ologiques du temps pr\u00e9sent.<\/p>\n<p>Classiques Garnier<\/p>\n<p><a href=\"http:\/\/www.classiques-garnier.com\/editions\/\" title=\"Classiques Garnier\" target=\"_blank\">http:\/\/www.classiques-garnier.com\/editions\/ <\/a><\/p>\n<p>ISBN 978-2-8124-0265-4<\/p>\n<p>EAN 9782812402654<\/p>\n<p>Paris 12\/09\/2011 240 pages<\/p>\n<p>Prix 39 euros<\/p>\n<p>Collection \u00c9tudes romantiques et dix-neuvi\u00e9mistes<\/p>\n<p><a href=\"http:\/\/www.stendhal.fr\/wp-admin\/Stendhal.%20Litt%C3%A9rature,%20politique%20et%20religion%20m%C3%AAl%C3%A9es\" title=\"Classiques Garnier\" target=\"_blank\"> <\/a><\/p>\n","protected":false},"excerpt":{"rendered":"<p>Stendhal. Litt\u00e9rature, politique et religion m\u00eal\u00e9es Berthier (Philippe) La modernit\u00e9 est pour Stendhal un \u00ab mixte \u00bb impur de litt\u00e9rature, de politique et de religion. Il ausculte l\u2019imbrication constitutive dans l\u2019espace litt\u00e9raire des enjeux de pouvoir manipul\u00e9s par la coalition &hellip; <a href=\"https:\/\/stendhal.fr\/?p=555\">Continuer la lecture <span class=\"meta-nav\">&rarr;<\/span><\/a><\/p>\n","protected":false},"author":1,"featured_media":0,"comment_status":"closed","ping_status":"open","sticky":false,"template":"","format":"standard","meta":{"jetpack_post_was_ever_published":false,"_jetpack_newsletter_access":"","_jetpack_dont_email_post_to_subs":false,"_jetpack_newsletter_tier_id":0,"_jetpack_memberships_contains_paywalled_content":false,"_jetpack_memberships_contains_paid_content":false,"footnotes":"","jetpack_publicize_message":"","jetpack_publicize_feature_enabled":true,"jetpack_social_post_already_shared":false,"jetpack_social_options":{"image_generator_settings":{"template":"highway","default_image_id":0,"font":"","enabled":false},"version":2}},"categories":[2],"tags":[],"class_list":["post-555","post","type-post","status-publish","format-standard","hentry","category-nouvelles-publications"],"jetpack_publicize_connections":[],"jetpack_featured_media_url":"","jetpack_sharing_enabled":true,"jetpack_shortlink":"https:\/\/wp.me\/p34K8b-8X","jetpack_likes_enabled":true,"_links":{"self":[{"href":"https:\/\/stendhal.fr\/index.php?rest_route=\/wp\/v2\/posts\/555","targetHints":{"allow":["GET"]}}],"collection":[{"href":"https:\/\/stendhal.fr\/index.php?rest_route=\/wp\/v2\/posts"}],"about":[{"href":"https:\/\/stendhal.fr\/index.php?rest_route=\/wp\/v2\/types\/post"}],"author":[{"embeddable":true,"href":"https:\/\/stendhal.fr\/index.php?rest_route=\/wp\/v2\/users\/1"}],"replies":[{"embeddable":true,"href":"https:\/\/stendhal.fr\/index.php?rest_route=%2Fwp%2Fv2%2Fcomments&post=555"}],"version-history":[{"count":0,"href":"https:\/\/stendhal.fr\/index.php?rest_route=\/wp\/v2\/posts\/555\/revisions"}],"wp:attachment":[{"href":"https:\/\/stendhal.fr\/index.php?rest_route=%2Fwp%2Fv2%2Fmedia&parent=555"}],"wp:term":[{"taxonomy":"category","embeddable":true,"href":"https:\/\/stendhal.fr\/index.php?rest_route=%2Fwp%2Fv2%2Fcategories&post=555"},{"taxonomy":"post_tag","embeddable":true,"href":"https:\/\/stendhal.fr\/index.php?rest_route=%2Fwp%2Fv2%2Ftags&post=555"}],"curies":[{"name":"wp","href":"https:\/\/api.w.org\/{rel}","templated":true}]}}