{"id":554,"date":"2011-07-05T09:48:00","date_gmt":"2011-07-05T08:48:00","guid":{"rendered":"http:\/\/www.stendhal.fr\/?p=554"},"modified":"2011-07-17T10:22:22","modified_gmt":"2011-07-17T09:22:22","slug":"stendhal-et-largent-annee-stendhalienne-n%c2%b010-2011","status":"publish","type":"post","link":"https:\/\/stendhal.fr\/?p=554","title":{"rendered":"Stendhal et l&rsquo;argent Ann\u00e9e Stendhalienne N\u00b010 2011"},"content":{"rendered":"<p align=\"center\"> <iframe src=\"http:\/\/rcm-fr.amazon.fr\/e\/cm?t=sitesten-21&amp;o=8&amp;p=8&amp;l=as1&amp;asins=2745321994&amp;ref=tf_til&amp;fc1=000000&amp;IS2=1&amp;lt1=_blank&amp;m=amazon&amp;lc1=0000FF&amp;bc1=000000&amp;bg1=FFFFFF&amp;f=ifr\" style=\"width: 120px; height: 240px\" marginwidth=\"0\" marginheight=\"0\" frameborder=\"0\" scrolling=\"no\"><\/iframe><\/p>\n<p align=\"center\">ANN\u00c9E STENDHALIENNE N\u00b010 2011<br \/>\nSTENDHAL ET L&rsquo;ARGENT<br \/>\nVARIA<br \/>\n\u00c9tudes r\u00e9unies et pr\u00e9sent\u00e9es par Francesco Spandri\n<\/p>\n<p align=\"left\"> Francesco Spandri , Avant-propos &#8211; Aude D\u00e9ruelle, En avoir ou pas &#8211; Yves Ansel, L&rsquo;argent en h\u00e9ritage &#8211; Xavier Bourdenet, L&rsquo;\u00e9conomie du g\u00e9nie : le p\u00e8lerin de La Br\u00e8de (Stendhal, <em>Voyage dans le Midi de la France<\/em>) &#8211; \u00c9ric Bordas, Le conte des comptes du juif &#8211; Fran\u00e7ois Vanoosthuyse, Stendhal sc\u00e9nographe. L&rsquo;exemple des nocturnes &#8211; Laure L\u00e9v\u00eaque, Lucien de Samosate et Stendhal, Dialogue des morts. Pour un auteur en qu\u00eate d&rsquo;art dramatique &#8211; Lucy Garnier, S\u00e9parer l&rsquo;ins\u00e9parable, fronti\u00e8res g\u00e9n\u00e9riques entre <em>Th\u00e9\u00e2tre<\/em> et <em>Journal <\/em>&#8211; Jean-Jacques Hamm, \u00c9criture et d\u00e9n\u00e9gation, Stendhal inactuel &#8211; Philippe Jousset, Morale de la forme (Henry Brulard)- Catherine Mariette-Clot, Paradoxes du quotidien dans le <em>Journal<\/em> de Stendhal (1801-1805) &#8211; C\u00e9cile Meynard, Les premiers journaux de voyage de Stendhal et la naissance d&rsquo;un \u00e9crivain &#8211; Annamaria Laserra, Polys\u00e9mie de la gr\u00e2ce dans <em>La Chartreuse de Parme<\/em> &#8211; Shigeru Shimokawa, <em>Lamiel <\/em>ou le dernier Stendhal &#8211; Pierre Laforgue, Rouge, noir et bleu. Contribution \u00e0 une sociocritique du romantisme de 1830 (variations chromatiques) &#8211; Alex Lascar, Le Mariage dans le roman stendhalien &#8211; Aves Ansel, Stendhal et les \u00a0\u00bb happy few \u00ab\u00a0, retour sur une id\u00e9e re\u00e7ue.<\/p>\n<p align=\"left\"> NOTES ET DOCUMENTS : Jacques Houbert, Trois lettres in\u00e9dites de Stendhal \u00e0 Salvagnoli -Jacques Houbert, Une lettre in\u00e9dite d&rsquo;\u00c9douard Bignon \u00e0 Stendhal &#8211; R\u00e9gis de Cr\u00e9py, \u00c0 la recherche de \u00a0\u00bb Jules \u00ab\u00a0, trahie et oubli\u00e9e dans l&rsquo;\u0153uvre romanesque de Stendhal &#8211; Dr Paul Guilleray, Auguste Cordier, stendhalien connu, auteur inconnu &#8211; Paul Desalmand, Stendhal et Nietzsche.<\/p>\n<p align=\"left\"> CHRONIQUE : Jacques Houbert, Philippe Berthier &#8211; Th\u00e8ses.<\/p>\n<p align=\"left\"> CARNET CRITIQUE : B\u00e9atrice Didier, Philippe Berthier, Christof Weiand, Georges Kliebenstein, Jean-Jacques Labia, Ortrud Pumpernickel, Xavier Bourdenet, H\u00e9l\u00e8ne de Jacquelot.<\/p>\n<p><a href=\"http:\/\/www.honorechampion.com\/cgi\/run?wwfrset+3+0+1+2+cccdegtv1+08532199+1\" title=\"Champion\" target=\"_blank\">CHAMPION<\/a> PARIS 29.06.11 COLLECTION: ANN\u00c9E STENDHALIENNE FORMAT: 15&#215;22<\/p>\n<p>400 pages<\/p>\n<p>Prix EUR TTC: 41,00<\/p>\n<p>ISBN: 9782745321992<\/p>\n<p>EAN: 9782745321992<\/p>\n","protected":false},"excerpt":{"rendered":"<p>ANN\u00c9E STENDHALIENNE N\u00b010 2011 STENDHAL ET L&rsquo;ARGENT VARIA \u00c9tudes r\u00e9unies et pr\u00e9sent\u00e9es par Francesco Spandri Francesco Spandri , Avant-propos &#8211; Aude D\u00e9ruelle, En avoir ou pas &#8211; Yves Ansel, L&rsquo;argent en h\u00e9ritage &#8211; Xavier Bourdenet, L&rsquo;\u00e9conomie du g\u00e9nie : le &hellip; <a href=\"https:\/\/stendhal.fr\/?p=554\">Continuer la lecture <span class=\"meta-nav\">&rarr;<\/span><\/a><\/p>\n","protected":false},"author":1,"featured_media":0,"comment_status":"closed","ping_status":"open","sticky":false,"template":"","format":"standard","meta":{"jetpack_post_was_ever_published":false,"_jetpack_newsletter_access":"","_jetpack_dont_email_post_to_subs":false,"_jetpack_newsletter_tier_id":0,"_jetpack_memberships_contains_paywalled_content":false,"_jetpack_memberships_contains_paid_content":false,"footnotes":"","jetpack_publicize_message":"","jetpack_publicize_feature_enabled":true,"jetpack_social_post_already_shared":false,"jetpack_social_options":{"image_generator_settings":{"template":"highway","default_image_id":0,"font":"","enabled":false},"version":2}},"categories":[2],"tags":[],"class_list":["post-554","post","type-post","status-publish","format-standard","hentry","category-nouvelles-publications"],"jetpack_publicize_connections":[],"jetpack_featured_media_url":"","jetpack_sharing_enabled":true,"jetpack_shortlink":"https:\/\/wp.me\/p34K8b-8W","jetpack_likes_enabled":true,"_links":{"self":[{"href":"https:\/\/stendhal.fr\/index.php?rest_route=\/wp\/v2\/posts\/554","targetHints":{"allow":["GET"]}}],"collection":[{"href":"https:\/\/stendhal.fr\/index.php?rest_route=\/wp\/v2\/posts"}],"about":[{"href":"https:\/\/stendhal.fr\/index.php?rest_route=\/wp\/v2\/types\/post"}],"author":[{"embeddable":true,"href":"https:\/\/stendhal.fr\/index.php?rest_route=\/wp\/v2\/users\/1"}],"replies":[{"embeddable":true,"href":"https:\/\/stendhal.fr\/index.php?rest_route=%2Fwp%2Fv2%2Fcomments&post=554"}],"version-history":[{"count":0,"href":"https:\/\/stendhal.fr\/index.php?rest_route=\/wp\/v2\/posts\/554\/revisions"}],"wp:attachment":[{"href":"https:\/\/stendhal.fr\/index.php?rest_route=%2Fwp%2Fv2%2Fmedia&parent=554"}],"wp:term":[{"taxonomy":"category","embeddable":true,"href":"https:\/\/stendhal.fr\/index.php?rest_route=%2Fwp%2Fv2%2Fcategories&post=554"},{"taxonomy":"post_tag","embeddable":true,"href":"https:\/\/stendhal.fr\/index.php?rest_route=%2Fwp%2Fv2%2Ftags&post=554"}],"curies":[{"name":"wp","href":"https:\/\/api.w.org\/{rel}","templated":true}]}}