{"id":553,"date":"2011-05-30T10:04:41","date_gmt":"2011-05-30T09:04:41","guid":{"rendered":"http:\/\/www.stendhal.fr\/?p=553"},"modified":"2011-05-30T10:04:41","modified_gmt":"2011-05-30T09:04:41","slug":"un-nouveau-portrait-presume-de-stendhal","status":"publish","type":"post","link":"https:\/\/stendhal.fr\/?p=553","title":{"rendered":"Un nouveau portrait pr\u00e9sum\u00e9 de Stendhal?"},"content":{"rendered":"<p align=\"center\"><a href=\"http:\/\/www.stendhal.fr\/wp-content\/2011\/05\/stendhal.JPG\" title=\"Portrait pr\u00e9sum\u00e9 de Stendhal\"><img decoding=\"async\" src=\"http:\/\/www.stendhal.fr\/wp-content\/2011\/05\/stendhal.JPG\" alt=\"Portrait pr\u00e9sum\u00e9 de Stendhal\" \/><\/a><\/p>\n<p align=\"center\">&nbsp;<\/p>\n<p align=\"left\">Un correspondant nous communique la reproduction de ce tableau portant au dos la mention \u00ab\u00a0Ritratto di Stendhal\u00a0\u00bb.<br \/>\n\u00ab\u00a0Achet\u00e9 par un antiquaire \u00e0 une vente organis\u00e9e par le canton de Gen\u00e8ve  apr\u00e8s une saisie pour d\u00e9faut de paiement des droits de douane et autres  impay\u00e9s fiscaux d&rsquo;un italien vivant \u00e0 Gen\u00e8ve\u00a0\u00bb, la provenance de ce  tableau acquis il y a une dizaine d&rsquo;ann\u00e9es reste inconnue de l&rsquo;actuel propri\u00e9taire.\n<\/p>\n<p align=\"left\">Merci de nous communiquer toute information \u00e9ventuelle \u00e0 ce sujet.<\/p>\n<p align=\"left\">&nbsp;<\/p>\n","protected":false},"excerpt":{"rendered":"<p>&nbsp; Un correspondant nous communique la reproduction de ce tableau portant au dos la mention \u00ab\u00a0Ritratto di Stendhal\u00a0\u00bb. \u00ab\u00a0Achet\u00e9 par un antiquaire \u00e0 une vente organis\u00e9e par le canton de Gen\u00e8ve apr\u00e8s une saisie pour d\u00e9faut de paiement des droits &hellip; <a href=\"https:\/\/stendhal.fr\/?p=553\">Continuer la lecture <span class=\"meta-nav\">&rarr;<\/span><\/a><\/p>\n","protected":false},"author":1,"featured_media":0,"comment_status":"closed","ping_status":"open","sticky":false,"template":"","format":"standard","meta":{"jetpack_post_was_ever_published":false,"_jetpack_newsletter_access":"","_jetpack_dont_email_post_to_subs":false,"_jetpack_newsletter_tier_id":0,"_jetpack_memberships_contains_paywalled_content":false,"_jetpack_memberships_contains_paid_content":false,"footnotes":"","jetpack_publicize_message":"","jetpack_publicize_feature_enabled":true,"jetpack_social_post_already_shared":false,"jetpack_social_options":{"image_generator_settings":{"template":"highway","default_image_id":0,"font":"","enabled":false},"version":2}},"categories":[10],"tags":[],"class_list":["post-553","post","type-post","status-publish","format-standard","hentry","category-questions"],"jetpack_publicize_connections":[],"jetpack_featured_media_url":"","jetpack_sharing_enabled":true,"jetpack_shortlink":"https:\/\/wp.me\/p34K8b-8V","jetpack_likes_enabled":true,"_links":{"self":[{"href":"https:\/\/stendhal.fr\/index.php?rest_route=\/wp\/v2\/posts\/553","targetHints":{"allow":["GET"]}}],"collection":[{"href":"https:\/\/stendhal.fr\/index.php?rest_route=\/wp\/v2\/posts"}],"about":[{"href":"https:\/\/stendhal.fr\/index.php?rest_route=\/wp\/v2\/types\/post"}],"author":[{"embeddable":true,"href":"https:\/\/stendhal.fr\/index.php?rest_route=\/wp\/v2\/users\/1"}],"replies":[{"embeddable":true,"href":"https:\/\/stendhal.fr\/index.php?rest_route=%2Fwp%2Fv2%2Fcomments&post=553"}],"version-history":[{"count":0,"href":"https:\/\/stendhal.fr\/index.php?rest_route=\/wp\/v2\/posts\/553\/revisions"}],"wp:attachment":[{"href":"https:\/\/stendhal.fr\/index.php?rest_route=%2Fwp%2Fv2%2Fmedia&parent=553"}],"wp:term":[{"taxonomy":"category","embeddable":true,"href":"https:\/\/stendhal.fr\/index.php?rest_route=%2Fwp%2Fv2%2Fcategories&post=553"},{"taxonomy":"post_tag","embeddable":true,"href":"https:\/\/stendhal.fr\/index.php?rest_route=%2Fwp%2Fv2%2Ftags&post=553"}],"curies":[{"name":"wp","href":"https:\/\/api.w.org\/{rel}","templated":true}]}}