{"id":545,"date":"2011-01-07T14:09:27","date_gmt":"2011-01-07T13:09:27","guid":{"rendered":"http:\/\/www.stendhal.fr\/?p=545"},"modified":"2011-01-11T10:37:51","modified_gmt":"2011-01-11T09:37:51","slug":"w-g-sebald-lecteur-de-stendhal","status":"publish","type":"post","link":"https:\/\/stendhal.fr\/?p=545","title":{"rendered":"W. G. Sebald, lecteur de Beyle"},"content":{"rendered":"<p align=\"center\">S\u00e9minaire<strong><em> \u00a0Lectures et lecteurs de Stendhal<\/em><\/strong> <strong> <\/strong><\/p>\n<p align=\"CENTER\"><font face=\"Times New Roman\"><span style=\"font-size: 12pt\"> organis\u00e9 par l&rsquo;\u00c9cole Normale Sup\u00e9rieure (Paris), la Fondation Primoli (Rome), le Centre d&rsquo;\u00e9tudes stendhaliennes et romantiques (\u00e9quipe Traverses 19-21), avec la collaboration du D\u00e9partement de Lettres et Langues de l&rsquo;Universit\u00e9 de Pise<\/span><\/font><\/p>\n<p align=\"center\"><font face=\"Times New Roman\">Conf\u00e9rence :<\/font><\/p>\n<p align=\"center\"><font face=\"Times New Roman\"><strong>Chantal Massol ( Traverses 19-21 ) :<br \/>\n<\/strong><br \/>\n<strong><em>W . G . Sebald \u00a0\u00a0lecteur de Beyle<\/em><\/strong><\/font><\/p>\n<p align=\"center\"><font face=\"Times New Roman\">Mercredi 19 Janvier<br \/>\n\u00e0 \u00a014h30<\/font><\/p>\n<p align=\"center\"><font face=\"Times New Roman\"><strong>MSH-ALPES<br \/>\n<\/strong>Salle de conf\u00e9rences (2e \u00e9tage )<\/font><\/p>\n","protected":false},"excerpt":{"rendered":"<p>S\u00e9minaire \u00a0Lectures et lecteurs de Stendhal organis\u00e9 par l&rsquo;\u00c9cole Normale Sup\u00e9rieure (Paris), la Fondation Primoli (Rome), le Centre d&rsquo;\u00e9tudes stendhaliennes et romantiques (\u00e9quipe Traverses 19-21), avec la collaboration du D\u00e9partement de Lettres et Langues de l&rsquo;Universit\u00e9 de Pise Conf\u00e9rence : &hellip; <a href=\"https:\/\/stendhal.fr\/?p=545\">Continuer la lecture <span class=\"meta-nav\">&rarr;<\/span><\/a><\/p>\n","protected":false},"author":1,"featured_media":0,"comment_status":"closed","ping_status":"open","sticky":false,"template":"","format":"standard","meta":{"jetpack_post_was_ever_published":false,"_jetpack_newsletter_access":"","_jetpack_dont_email_post_to_subs":false,"_jetpack_newsletter_tier_id":0,"_jetpack_memberships_contains_paywalled_content":false,"_jetpack_memberships_contains_paid_content":false,"footnotes":"","jetpack_publicize_message":"","jetpack_publicize_feature_enabled":true,"jetpack_social_post_already_shared":false,"jetpack_social_options":{"image_generator_settings":{"template":"highway","default_image_id":0,"font":"","enabled":false},"version":2}},"categories":[3],"tags":[],"class_list":["post-545","post","type-post","status-publish","format-standard","hentry","category-seminaires"],"jetpack_publicize_connections":[],"jetpack_featured_media_url":"","jetpack_sharing_enabled":true,"jetpack_shortlink":"https:\/\/wp.me\/p34K8b-8N","jetpack_likes_enabled":true,"_links":{"self":[{"href":"https:\/\/stendhal.fr\/index.php?rest_route=\/wp\/v2\/posts\/545","targetHints":{"allow":["GET"]}}],"collection":[{"href":"https:\/\/stendhal.fr\/index.php?rest_route=\/wp\/v2\/posts"}],"about":[{"href":"https:\/\/stendhal.fr\/index.php?rest_route=\/wp\/v2\/types\/post"}],"author":[{"embeddable":true,"href":"https:\/\/stendhal.fr\/index.php?rest_route=\/wp\/v2\/users\/1"}],"replies":[{"embeddable":true,"href":"https:\/\/stendhal.fr\/index.php?rest_route=%2Fwp%2Fv2%2Fcomments&post=545"}],"version-history":[{"count":0,"href":"https:\/\/stendhal.fr\/index.php?rest_route=\/wp\/v2\/posts\/545\/revisions"}],"wp:attachment":[{"href":"https:\/\/stendhal.fr\/index.php?rest_route=%2Fwp%2Fv2%2Fmedia&parent=545"}],"wp:term":[{"taxonomy":"category","embeddable":true,"href":"https:\/\/stendhal.fr\/index.php?rest_route=%2Fwp%2Fv2%2Fcategories&post=545"},{"taxonomy":"post_tag","embeddable":true,"href":"https:\/\/stendhal.fr\/index.php?rest_route=%2Fwp%2Fv2%2Ftags&post=545"}],"curies":[{"name":"wp","href":"https:\/\/api.w.org\/{rel}","templated":true}]}}