{"id":535,"date":"2010-12-08T15:27:38","date_gmt":"2010-12-08T14:27:38","guid":{"rendered":"http:\/\/www.stendhal.fr\/?p=535"},"modified":"2010-12-14T14:29:45","modified_gmt":"2010-12-14T13:29:45","slug":"stendhal-journal","status":"publish","type":"post","link":"https:\/\/stendhal.fr\/?p=535","title":{"rendered":"Stendhal Journal"},"content":{"rendered":"<p align=\"center\"> <strong>Stendhal<\/strong><\/p>\n<p align=\"center\"><em><strong>Journal<\/strong><\/em><\/p>\n<p align=\"center\">\n<iframe src=\"http:\/\/rcm-fr.amazon.fr\/e\/cm?t=sitesten-21&amp;o=8&amp;p=8&amp;l=as1&amp;asins=2070438651&amp;fc1=000000&amp;IS2=1&amp;lt1=_blank&amp;m=amazon&amp;lc1=0000FF&amp;bc1=000000&amp;bg1=FFFFFF&amp;f=ifr\" style=\"width: 120px; height: 240px\" marginwidth=\"0\" marginheight=\"0\" scrolling=\"no\" frameborder=\"0\"><\/iframe>\n<\/p>\n<p align=\"center\">PR\u00c9FACIER\u00a0:\u00a0Dominique\u00a0Fernandez<\/p>\n<p align=\"center\">EDITEUR BIBLIOGRAPHIQUE\u00a0:\u00a0Henri\u00a0Martineau, Xavier\u00a0Bourdenet<\/p>\n<p align=\"center\">\u00c9ditions Gallimard<br \/>\nM\u00e9moires et autobiographies<br \/>\nCollection\u00a0Folio classique<br \/>\n108 x 178 mm.<br \/>\n1280 pages<br \/>\nISBN : 9782070438655<br \/>\nCode Sodis : A43865<br \/>\n13,50 euros\n<\/p>\n<p align=\"center\">En librairie le 09\/12\/2010<\/p>\n<p><strong>L&rsquo;ouvrage<\/strong><br \/>\n\u00ab\u00a0\u00bbJe pourrais faire un ouvrage qui ne plairait qu&rsquo;\u00e0 moi et  qui serait reconnu beau en 2000&Prime; (31 d\u00e9cembre 1804) : le voici, cet  ouvrage, plus lent que les romans \u00e0 s&rsquo;installer dans l&rsquo;amiti\u00e9 des  lecteurs, que d\u00e9sar\u00e7onnent une libert\u00e9 de ton, une d\u00e9sinvolture dans  l&rsquo;encha\u00eenement des id\u00e9es, un solipsisme des sensations peut-\u00eatre uniques  dans l&rsquo;histoire de la litt\u00e9rature. Il s&rsquo;agit, pour Stendhal, de se  saisir dans l&rsquo;\u00e9motion actuelle, dans l&rsquo;instant, sans recul, sans  distance, sans recomposition et dans l&rsquo;imm\u00e9diatet\u00e9 absolue du fugace, du  mouvant. Pari fou, si l&rsquo;on songe que l&rsquo;acte d&rsquo;\u00e9crire suppose justement  du recul par rapport \u00e0 ce qu&rsquo;on a v\u00e9cu, de la distance, de  refroidissement de l&rsquo;\u00e9motion. D\u00e8s qu&rsquo;on fixe sur le papier un moment de  sa vie, on en perd la fra\u00eecheur, on en \u00e9gare la sinc\u00e9rit\u00e9, on le trahit.<br \/>\nLe 4 mars 1818 Stendhal note : \u00ab\u00a0Je crois que pour \u00eatre grand dans  quelque genre que ce soit il faut \u00eatre soi-m\u00eame. Les livres immortels  ont \u00e9t\u00e9 faits en pensant fort peu au style.\u00a0\u00bb\u00bb<br \/>\n<em>Dominique Fernandez.<\/em><\/p>\n","protected":false},"excerpt":{"rendered":"<p>Stendhal Journal PR\u00c9FACIER\u00a0:\u00a0Dominique\u00a0Fernandez EDITEUR BIBLIOGRAPHIQUE\u00a0:\u00a0Henri\u00a0Martineau, Xavier\u00a0Bourdenet \u00c9ditions Gallimard M\u00e9moires et autobiographies Collection\u00a0Folio classique 108 x 178 mm. 1280 pages ISBN : 9782070438655 Code Sodis : A43865 13,50 euros En librairie le 09\/12\/2010 L&rsquo;ouvrage \u00ab\u00a0\u00bbJe pourrais faire un ouvrage qui ne &hellip; <a href=\"https:\/\/stendhal.fr\/?p=535\">Continuer la lecture <span class=\"meta-nav\">&rarr;<\/span><\/a><\/p>\n","protected":false},"author":1,"featured_media":0,"comment_status":"closed","ping_status":"open","sticky":false,"template":"","format":"standard","meta":{"jetpack_post_was_ever_published":false,"_jetpack_newsletter_access":"","_jetpack_dont_email_post_to_subs":false,"_jetpack_newsletter_tier_id":0,"_jetpack_memberships_contains_paywalled_content":false,"_jetpack_memberships_contains_paid_content":false,"footnotes":"","jetpack_publicize_message":"","jetpack_publicize_feature_enabled":true,"jetpack_social_post_already_shared":false,"jetpack_social_options":{"image_generator_settings":{"template":"highway","default_image_id":0,"font":"","enabled":false},"version":2}},"categories":[2],"tags":[],"class_list":["post-535","post","type-post","status-publish","format-standard","hentry","category-nouvelles-publications"],"jetpack_publicize_connections":[],"jetpack_featured_media_url":"","jetpack_sharing_enabled":true,"jetpack_shortlink":"https:\/\/wp.me\/p34K8b-8D","jetpack_likes_enabled":true,"_links":{"self":[{"href":"https:\/\/stendhal.fr\/index.php?rest_route=\/wp\/v2\/posts\/535","targetHints":{"allow":["GET"]}}],"collection":[{"href":"https:\/\/stendhal.fr\/index.php?rest_route=\/wp\/v2\/posts"}],"about":[{"href":"https:\/\/stendhal.fr\/index.php?rest_route=\/wp\/v2\/types\/post"}],"author":[{"embeddable":true,"href":"https:\/\/stendhal.fr\/index.php?rest_route=\/wp\/v2\/users\/1"}],"replies":[{"embeddable":true,"href":"https:\/\/stendhal.fr\/index.php?rest_route=%2Fwp%2Fv2%2Fcomments&post=535"}],"version-history":[{"count":0,"href":"https:\/\/stendhal.fr\/index.php?rest_route=\/wp\/v2\/posts\/535\/revisions"}],"wp:attachment":[{"href":"https:\/\/stendhal.fr\/index.php?rest_route=%2Fwp%2Fv2%2Fmedia&parent=535"}],"wp:term":[{"taxonomy":"category","embeddable":true,"href":"https:\/\/stendhal.fr\/index.php?rest_route=%2Fwp%2Fv2%2Fcategories&post=535"},{"taxonomy":"post_tag","embeddable":true,"href":"https:\/\/stendhal.fr\/index.php?rest_route=%2Fwp%2Fv2%2Ftags&post=535"}],"curies":[{"name":"wp","href":"https:\/\/api.w.org\/{rel}","templated":true}]}}