{"id":530,"date":"2010-11-10T10:34:25","date_gmt":"2010-11-10T09:34:25","guid":{"rendered":"http:\/\/www.stendhal.fr\/?p=530"},"modified":"2010-11-10T10:55:09","modified_gmt":"2010-11-10T09:55:09","slug":"stendhal-et-l%e2%80%99erotisme-romantique","status":"publish","type":"post","link":"https:\/\/stendhal.fr\/?p=530","title":{"rendered":"Stendhal et l\u2019\u00e9rotisme romantique"},"content":{"rendered":"<p align=\"center\">Stendhal et l\u2019\u00e9rotisme romantique<\/p>\n<p align=\"center\">Alexandra Pion<\/p>\n<p align=\"center\">\u00a02010<\/p>\n<p align=\"center\"><iframe src=\"http:\/\/rcm-fr.amazon.fr\/e\/cm?t=sitesten-21&amp;o=8&amp;p=8&amp;l=as1&amp;asins=2753512043&amp;fc1=000000&amp;IS2=1&amp;lt1=_blank&amp;m=amazon&amp;lc1=0000FF&amp;bc1=000000&amp;bg1=FFFFFF&amp;f=ifr\" style=\"width: 120px; height: 240px\" marginwidth=\"0\" marginheight=\"0\" frameborder=\"0\" scrolling=\"no\"><\/iframe><\/p>\n<p> Cet ouvrage articule deux interrogations\u00a0: quelle conception de l\u2019\u00e9rotisme Stendhal a-t-il eu \u00e0 l\u2019\u00e9poque romantique, au premier chef dans De l\u2019amour\u00a0? Et, au regard des d\u00e9finitions actuelles de l\u2019\u00e9rotisme, dans quelle mesure peut-on consid\u00e9rer De l\u2019amour comme le premier ars erotica occidental moderne dont ont h\u00e9rit\u00e9 nos \u00e9rotologues contemporains\u00a0? De l\u2019amour n\u2019avait jamais fait l\u2019objet d\u2019une \u00e9tude compl\u00e8te, bien que Stendhal le consid\u00e9rait comme son \u0153uvre principale. Car, s\u2019il appara\u00eet au centre de sa pens\u00e9e philosophique et sociale, De l\u2019amour s\u2019impose \u00e9galement comme le texte pivot de sa cr\u00e9ation romanesque.<\/p>\n<p align=\"center\">Presses Universitaires de Rennes<\/p>\n<p align=\"center\"><a href=\"http:\/\/www.pur-editions.fr\/detail.php?idOuv=2478\" title=\"PUR\" target=\"_blank\">http:\/\/www.pur-editions.fr\/detail.php?idOuv=2478<\/a><\/p>\n<p>Domaine : Litt\u00e9rature XIXe si\u00e8cle<br \/>\nCollection : Interf\u00e9rences<br \/>\nFormat : 15,5 x 21 cm?Nombre de pages : 286 p.<br \/>\nISBN : 978-2-7535-1204-7<br \/>\nDisponibilit\u00e9 : en librairie<br \/>\nPrix : 16,00 \u20ac<\/p>\n","protected":false},"excerpt":{"rendered":"<p>Stendhal et l\u2019\u00e9rotisme romantique Alexandra Pion \u00a02010 Cet ouvrage articule deux interrogations\u00a0: quelle conception de l\u2019\u00e9rotisme Stendhal a-t-il eu \u00e0 l\u2019\u00e9poque romantique, au premier chef dans De l\u2019amour\u00a0? Et, au regard des d\u00e9finitions actuelles de l\u2019\u00e9rotisme, dans quelle mesure peut-on &hellip; <a href=\"https:\/\/stendhal.fr\/?p=530\">Continuer la lecture <span class=\"meta-nav\">&rarr;<\/span><\/a><\/p>\n","protected":false},"author":1,"featured_media":0,"comment_status":"closed","ping_status":"open","sticky":false,"template":"","format":"standard","meta":{"jetpack_post_was_ever_published":false,"_jetpack_newsletter_access":"","_jetpack_dont_email_post_to_subs":false,"_jetpack_newsletter_tier_id":0,"_jetpack_memberships_contains_paywalled_content":false,"_jetpack_memberships_contains_paid_content":false,"footnotes":"","jetpack_publicize_message":"","jetpack_publicize_feature_enabled":true,"jetpack_social_post_already_shared":false,"jetpack_social_options":{"image_generator_settings":{"template":"highway","default_image_id":0,"font":"","enabled":false},"version":2}},"categories":[2],"tags":[],"class_list":["post-530","post","type-post","status-publish","format-standard","hentry","category-nouvelles-publications"],"jetpack_publicize_connections":[],"jetpack_featured_media_url":"","jetpack_sharing_enabled":true,"jetpack_shortlink":"https:\/\/wp.me\/p34K8b-8y","jetpack_likes_enabled":true,"_links":{"self":[{"href":"https:\/\/stendhal.fr\/index.php?rest_route=\/wp\/v2\/posts\/530","targetHints":{"allow":["GET"]}}],"collection":[{"href":"https:\/\/stendhal.fr\/index.php?rest_route=\/wp\/v2\/posts"}],"about":[{"href":"https:\/\/stendhal.fr\/index.php?rest_route=\/wp\/v2\/types\/post"}],"author":[{"embeddable":true,"href":"https:\/\/stendhal.fr\/index.php?rest_route=\/wp\/v2\/users\/1"}],"replies":[{"embeddable":true,"href":"https:\/\/stendhal.fr\/index.php?rest_route=%2Fwp%2Fv2%2Fcomments&post=530"}],"version-history":[{"count":0,"href":"https:\/\/stendhal.fr\/index.php?rest_route=\/wp\/v2\/posts\/530\/revisions"}],"wp:attachment":[{"href":"https:\/\/stendhal.fr\/index.php?rest_route=%2Fwp%2Fv2%2Fmedia&parent=530"}],"wp:term":[{"taxonomy":"category","embeddable":true,"href":"https:\/\/stendhal.fr\/index.php?rest_route=%2Fwp%2Fv2%2Fcategories&post=530"},{"taxonomy":"post_tag","embeddable":true,"href":"https:\/\/stendhal.fr\/index.php?rest_route=%2Fwp%2Fv2%2Ftags&post=530"}],"curies":[{"name":"wp","href":"https:\/\/api.w.org\/{rel}","templated":true}]}}