{"id":526,"date":"2010-08-25T09:45:13","date_gmt":"2010-08-25T08:45:13","guid":{"rendered":"http:\/\/www.stendhal.fr\/?p=526"},"modified":"2010-08-31T09:25:14","modified_gmt":"2010-08-31T08:25:14","slug":"le-rouge-et-le-noir-en-bande-dessinee","status":"publish","type":"post","link":"https:\/\/stendhal.fr\/?p=526","title":{"rendered":"Le rouge et le noir en bande dessin\u00e9e"},"content":{"rendered":"<p>Dans la s\u00e9rie \u00ab\u00a0Les incontournables de la litt\u00e9rature en BD\u00a0\u00bb, T\u00e9l\u00e9 7 Jours propose en collaboration avec les \u00c9ditions Gl\u00e9nat et avec le concours de l&rsquo;Unesco une \u00e9dition de son magazine (Programmes du 28 ao\u00fbt au 3 septembre 2010) accompagn\u00e9e de la bande dessin\u00e9e:<\/p>\n<p align=\"center\">Stendhal<\/p>\n<p align=\"center\"><em>Le rouge et le noir<\/em><\/p>\n<p align=\"center\">Tome 1<\/p>\n<p align=\"center\">au prix de 6 euros 98<\/p>\n<p align=\"center\">Adaptation \/ sc\u00e9nario: Djian<\/p>\n<p align=\"center\">Dessins : Toni Fezjula<\/p>\n<p align=\"center\">Couleurs : Jocelyne Charrance<\/p>\n<p>Le tome 2 accompagne le num\u00e9ro dat\u00e9 du 4 au 10 septembre du magazine.<\/p>\n","protected":false},"excerpt":{"rendered":"<p>Dans la s\u00e9rie \u00ab\u00a0Les incontournables de la litt\u00e9rature en BD\u00a0\u00bb, T\u00e9l\u00e9 7 Jours propose en collaboration avec les \u00c9ditions Gl\u00e9nat et avec le concours de l&rsquo;Unesco une \u00e9dition de son magazine (Programmes du 28 ao\u00fbt au 3 septembre 2010) accompagn\u00e9e &hellip; <a href=\"https:\/\/stendhal.fr\/?p=526\">Continuer la lecture <span class=\"meta-nav\">&rarr;<\/span><\/a><\/p>\n","protected":false},"author":1,"featured_media":0,"comment_status":"closed","ping_status":"open","sticky":false,"template":"","format":"standard","meta":{"jetpack_post_was_ever_published":false,"_jetpack_newsletter_access":"","_jetpack_dont_email_post_to_subs":false,"_jetpack_newsletter_tier_id":0,"_jetpack_memberships_contains_paywalled_content":false,"_jetpack_memberships_contains_paid_content":false,"footnotes":"","jetpack_publicize_message":"","jetpack_publicize_feature_enabled":true,"jetpack_social_post_already_shared":false,"jetpack_social_options":{"image_generator_settings":{"template":"highway","default_image_id":0,"font":"","enabled":false},"version":2}},"categories":[2],"tags":[],"class_list":["post-526","post","type-post","status-publish","format-standard","hentry","category-nouvelles-publications"],"jetpack_publicize_connections":[],"jetpack_featured_media_url":"","jetpack_sharing_enabled":true,"jetpack_shortlink":"https:\/\/wp.me\/p34K8b-8u","jetpack_likes_enabled":true,"_links":{"self":[{"href":"https:\/\/stendhal.fr\/index.php?rest_route=\/wp\/v2\/posts\/526","targetHints":{"allow":["GET"]}}],"collection":[{"href":"https:\/\/stendhal.fr\/index.php?rest_route=\/wp\/v2\/posts"}],"about":[{"href":"https:\/\/stendhal.fr\/index.php?rest_route=\/wp\/v2\/types\/post"}],"author":[{"embeddable":true,"href":"https:\/\/stendhal.fr\/index.php?rest_route=\/wp\/v2\/users\/1"}],"replies":[{"embeddable":true,"href":"https:\/\/stendhal.fr\/index.php?rest_route=%2Fwp%2Fv2%2Fcomments&post=526"}],"version-history":[{"count":0,"href":"https:\/\/stendhal.fr\/index.php?rest_route=\/wp\/v2\/posts\/526\/revisions"}],"wp:attachment":[{"href":"https:\/\/stendhal.fr\/index.php?rest_route=%2Fwp%2Fv2%2Fmedia&parent=526"}],"wp:term":[{"taxonomy":"category","embeddable":true,"href":"https:\/\/stendhal.fr\/index.php?rest_route=%2Fwp%2Fv2%2Fcategories&post=526"},{"taxonomy":"post_tag","embeddable":true,"href":"https:\/\/stendhal.fr\/index.php?rest_route=%2Fwp%2Fv2%2Ftags&post=526"}],"curies":[{"name":"wp","href":"https:\/\/api.w.org\/{rel}","templated":true}]}}