{"id":523,"date":"2010-06-21T13:21:33","date_gmt":"2010-06-21T12:21:33","guid":{"rendered":"http:\/\/www.stendhal.fr\/?p=523"},"modified":"2010-06-21T13:37:45","modified_gmt":"2010-06-21T12:37:45","slug":"annee-stendhalienne-n%c2%b09","status":"publish","type":"post","link":"https:\/\/stendhal.fr\/?p=523","title":{"rendered":"Ann\u00e9e stendhalienne N\u00b09"},"content":{"rendered":"<p align=\"center\"><strong>ANN\u00c9E STENDHALIENNE N\u00b09<\/strong><\/p>\n<p align=\"center\"><iframe src=\"http:\/\/rcm-fr.amazon.fr\/e\/cm?t=sitesten-21&amp;o=8&amp;p=8&amp;l=as1&amp;asins=2745320734&amp;fc1=000000&amp;IS2=1&amp;lt1=_blank&amp;m=amazon&amp;lc1=0000FF&amp;bc1=000000&amp;bg1=FFFFFF&amp;f=ifr\" style=\"width: 120px; height: 240px\" marginwidth=\"0\" marginheight=\"0\" frameborder=\"0\" scrolling=\"no\"><\/iframe><\/p>\n<p align=\"center\"> <a href=\"http:\/\/www.honorechampion.com\/cgi\/run?wwfrset+3+109109950+1+2+cccdegts1+09591191\" title=\"Champion\" target=\"_blank\">CHAMPION<\/a>\u00a0 PARIS 17.06.10<\/p>\n<p align=\"center\">COLLECTION: ANNEE STENDHALIENNE<\/p>\n<p align=\"center\">FORMAT: 15X22 413 pages \u00a0 BROCH\u00c9 1 volume<\/p>\n<p align=\"center\">N\u00b0 S\u00c9RIE: 0009<\/p>\n<p align=\"center\">ISBN: 9782745320735<\/p>\n<p align=\"center\">EAN: 9782745320735<\/p>\n<p align=\"center\">\u00a0Sommaire<\/p>\n<p>Xavier BOURDENET Pr\u00e9sentation ; Yves ANSEL  Le Poids des images et des h\u00e9ritages ; Maria SCOTT Le R\u00e9alisme et la  peur du d\u00e9sir ? Le cas de Lucien Leuwen ; Laure LASSAGNE Lucien Leuwen  et les impasses du raisonnement ; C\u00e9cile MEYNARD \u00a0\u00bb Tisser la toile \u00a0\u00bb du  roman : le r\u00e9seau des personnages dans Lucien Leuwen ; Lucy GARNIER \u00a0\u00bb  La Femme par M. de Stal \u00a0\u00bb : Lucien Leuwen et la sexualit\u00e9 f\u00e9minine chez Stendhal ; Fran\u00e7ois KERLOU\u00c9GAN L&rsquo;Instrumentalisation  politique du corps. Deux \u00e9pisodes de manipulation dans Lucien  Leuwen.Agathe NOVAK-LECHEVALIER Lucien Leuwen : le th\u00e9\u00e2tre de l&rsquo;Histoire  ; \u00c9ric AVOCAT La Compagnie des spectres : ce que font les hommes ; de  la R\u00e9volution dans Le Rouge et le Noir ; H\u00e9l\u00e8ne SPENGLER Stendhal et la \u00a0\u00bb  fi\u00e8vre politique \u00ab\u00a0. Images et imaginaire ; de l&rsquo;Histoire de la \u00a0\u00bb guerre des droits contre les privil\u00e8ges \u00a0\u00bb  dans l&rsquo;Europe du Congr\u00e8s de Vienne ; Laure L\u00c9V\u00caQUE La Cit\u00e9 de Stendhal ;  Aude D\u00c9RUELLE Stendhal et l&rsquo;historiographie lib\u00e9rale : la  repr\u00e9sentation du peuple ; Agathe NOVAK-LECHEVALIER F\u00e9der, ou ce que dit  le th\u00e9\u00e2tre du monde ; Sheila BELL Avatars du \u00a0\u00bb je \u00a0\u00bb autobiographique :  Vie de Henry Brulard et Enfance ; Jean-Jacques HAMM Beyle \/ Stendhal : du texte \u00e0 l&rsquo;auteur ; H\u00e9l\u00e8ne de  JACQUELOT Stendhal et H\u00e9rault de S\u00e9chelles ;<\/p>\n<p>NOTES ET DOCUMENTS ;  Jacques HOUBERT Quatre lettres in\u00e9dites de Stendhal. Une lettre in\u00e9dite ;  de Louis de Barral \u00e0 Stendhal ; Yoshitaka UCHIDA le Patronyme d&rsquo;Armance  et l&rsquo;affaire Zaffiroff ; Julie BROCK \u00d4oka Sh\u00f4hei, stendhalien ;<\/p>\n<p>CHRONIQUE Philippe Berthier ;<\/p>\n<p>CARNET CRITIQUE Ushio Ono, Philippe Berthier, Keiko Sugimoto-Ebine. Agathe  Novak-Lechevalier, Jean-Jacques Hamm, Jacques Houbert.<\/p>\n","protected":false},"excerpt":{"rendered":"<p>ANN\u00c9E STENDHALIENNE N\u00b09 CHAMPION\u00a0 PARIS 17.06.10 COLLECTION: ANNEE STENDHALIENNE FORMAT: 15X22 413 pages \u00a0 BROCH\u00c9 1 volume N\u00b0 S\u00c9RIE: 0009 ISBN: 9782745320735 EAN: 9782745320735 \u00a0Sommaire Xavier BOURDENET Pr\u00e9sentation ; Yves ANSEL Le Poids des images et des h\u00e9ritages ; Maria &hellip; <a href=\"https:\/\/stendhal.fr\/?p=523\">Continuer la lecture <span class=\"meta-nav\">&rarr;<\/span><\/a><\/p>\n","protected":false},"author":1,"featured_media":0,"comment_status":"closed","ping_status":"open","sticky":false,"template":"","format":"standard","meta":{"jetpack_post_was_ever_published":false,"_jetpack_newsletter_access":"","_jetpack_dont_email_post_to_subs":false,"_jetpack_newsletter_tier_id":0,"_jetpack_memberships_contains_paywalled_content":false,"_jetpack_memberships_contains_paid_content":false,"footnotes":"","jetpack_publicize_message":"","jetpack_publicize_feature_enabled":true,"jetpack_social_post_already_shared":false,"jetpack_social_options":{"image_generator_settings":{"template":"highway","default_image_id":0,"font":"","enabled":false},"version":2}},"categories":[2],"tags":[],"class_list":["post-523","post","type-post","status-publish","format-standard","hentry","category-nouvelles-publications"],"jetpack_publicize_connections":[],"jetpack_featured_media_url":"","jetpack_sharing_enabled":true,"jetpack_shortlink":"https:\/\/wp.me\/p34K8b-8r","jetpack_likes_enabled":true,"_links":{"self":[{"href":"https:\/\/stendhal.fr\/index.php?rest_route=\/wp\/v2\/posts\/523","targetHints":{"allow":["GET"]}}],"collection":[{"href":"https:\/\/stendhal.fr\/index.php?rest_route=\/wp\/v2\/posts"}],"about":[{"href":"https:\/\/stendhal.fr\/index.php?rest_route=\/wp\/v2\/types\/post"}],"author":[{"embeddable":true,"href":"https:\/\/stendhal.fr\/index.php?rest_route=\/wp\/v2\/users\/1"}],"replies":[{"embeddable":true,"href":"https:\/\/stendhal.fr\/index.php?rest_route=%2Fwp%2Fv2%2Fcomments&post=523"}],"version-history":[{"count":0,"href":"https:\/\/stendhal.fr\/index.php?rest_route=\/wp\/v2\/posts\/523\/revisions"}],"wp:attachment":[{"href":"https:\/\/stendhal.fr\/index.php?rest_route=%2Fwp%2Fv2%2Fmedia&parent=523"}],"wp:term":[{"taxonomy":"category","embeddable":true,"href":"https:\/\/stendhal.fr\/index.php?rest_route=%2Fwp%2Fv2%2Fcategories&post=523"},{"taxonomy":"post_tag","embeddable":true,"href":"https:\/\/stendhal.fr\/index.php?rest_route=%2Fwp%2Fv2%2Ftags&post=523"}],"curies":[{"name":"wp","href":"https:\/\/api.w.org\/{rel}","templated":true}]}}