{"id":522,"date":"2010-06-15T14:35:35","date_gmt":"2010-06-15T13:35:35","guid":{"rendered":"http:\/\/www.stendhal.fr\/?p=522"},"modified":"2010-06-15T14:39:52","modified_gmt":"2010-06-15T13:39:52","slug":"stendhal-biographie-par-johannes-willms","status":"publish","type":"post","link":"https:\/\/stendhal.fr\/?p=522","title":{"rendered":"Stendhal, Biographie par Johannes WILLMS"},"content":{"rendered":"<p align=\"center\"><strong>\u00a0Johannes WILLMS<\/strong><\/p>\n<p align=\"center\"><strong> <em>Stendhal, Biographie<\/em><\/strong><\/p>\n<p align=\"center\">Hanser Verlag, 2010.<\/p>\n<p align=\"center\"> R\u00e9f\u00e9rence internet : <font color=\"#0000ff\"><u><a href=\"http:\/\/www.hanser-literaturverlage.de\/buecher\/buch.html?isbn=978-3-446-23419-2\">http:\/\/www.hanser-literaturverlage.de\/buecher\/buch.html?isbn=978-3-446-23419-2<\/a><\/u><\/font><br \/>\n<font color=\"#0000ff\"><u> <\/u><\/font><br \/>\nLe quotidien de r\u00e9f\u00e9rence zurichois <em>Neue Z\u00fcrcher Zeitung <\/em>(NZZ) en a rendu un \u00e9cho positif :<br \/>\n<font color=\"#0000ff\"><u><a href=\"http:\/\/www.nzz.ch\/nachrichten\/kultur\/literatur\/er_lebte_schrieb_und_liebte_1.5448377.html\">http:\/\/www.nzz.ch\/nachrichten\/kultur\/literatur\/er_lebte_schrieb_und_liebte_1.5448377.html<\/a><\/u><\/font><\/p>\n","protected":false},"excerpt":{"rendered":"<p>\u00a0Johannes WILLMS Stendhal, Biographie Hanser Verlag, 2010. R\u00e9f\u00e9rence internet : http:\/\/www.hanser-literaturverlage.de\/buecher\/buch.html?isbn=978-3-446-23419-2 Le quotidien de r\u00e9f\u00e9rence zurichois Neue Z\u00fcrcher Zeitung (NZZ) en a rendu un \u00e9cho positif : http:\/\/www.nzz.ch\/nachrichten\/kultur\/literatur\/er_lebte_schrieb_und_liebte_1.5448377.html<\/p>\n","protected":false},"author":1,"featured_media":0,"comment_status":"closed","ping_status":"open","sticky":false,"template":"","format":"standard","meta":{"jetpack_post_was_ever_published":false,"_jetpack_newsletter_access":"","_jetpack_dont_email_post_to_subs":false,"_jetpack_newsletter_tier_id":0,"_jetpack_memberships_contains_paywalled_content":false,"_jetpack_memberships_contains_paid_content":false,"footnotes":"","jetpack_publicize_message":"","jetpack_publicize_feature_enabled":true,"jetpack_social_post_already_shared":false,"jetpack_social_options":{"image_generator_settings":{"template":"highway","default_image_id":0,"font":"","enabled":false},"version":2}},"categories":[2],"tags":[],"class_list":["post-522","post","type-post","status-publish","format-standard","hentry","category-nouvelles-publications"],"jetpack_publicize_connections":[],"jetpack_featured_media_url":"","jetpack_sharing_enabled":true,"jetpack_shortlink":"https:\/\/wp.me\/p34K8b-8q","jetpack_likes_enabled":true,"_links":{"self":[{"href":"https:\/\/stendhal.fr\/index.php?rest_route=\/wp\/v2\/posts\/522","targetHints":{"allow":["GET"]}}],"collection":[{"href":"https:\/\/stendhal.fr\/index.php?rest_route=\/wp\/v2\/posts"}],"about":[{"href":"https:\/\/stendhal.fr\/index.php?rest_route=\/wp\/v2\/types\/post"}],"author":[{"embeddable":true,"href":"https:\/\/stendhal.fr\/index.php?rest_route=\/wp\/v2\/users\/1"}],"replies":[{"embeddable":true,"href":"https:\/\/stendhal.fr\/index.php?rest_route=%2Fwp%2Fv2%2Fcomments&post=522"}],"version-history":[{"count":0,"href":"https:\/\/stendhal.fr\/index.php?rest_route=\/wp\/v2\/posts\/522\/revisions"}],"wp:attachment":[{"href":"https:\/\/stendhal.fr\/index.php?rest_route=%2Fwp%2Fv2%2Fmedia&parent=522"}],"wp:term":[{"taxonomy":"category","embeddable":true,"href":"https:\/\/stendhal.fr\/index.php?rest_route=%2Fwp%2Fv2%2Fcategories&post=522"},{"taxonomy":"post_tag","embeddable":true,"href":"https:\/\/stendhal.fr\/index.php?rest_route=%2Fwp%2Fv2%2Ftags&post=522"}],"curies":[{"name":"wp","href":"https:\/\/api.w.org\/{rel}","templated":true}]}}