{"id":520,"date":"2010-06-10T10:20:24","date_gmt":"2010-06-10T09:20:24","guid":{"rendered":"http:\/\/www.stendhal.fr\/?p=520"},"modified":"2010-08-26T13:51:39","modified_gmt":"2010-08-26T12:51:39","slug":"les-mysteres-de-la-chartreuse-de-parme","status":"publish","type":"post","link":"https:\/\/stendhal.fr\/?p=520","title":{"rendered":"Les Myst\u00e8res de La Chartreuse de Parme"},"content":{"rendered":"<p align=\"center\">Pierre Alain Bergher<\/p>\n<p align=\"center\"><strong><em>Les Myst\u00e8res de La Chartreuse de Parme <\/em><\/strong><\/p>\n<p align=\"center\"><iframe src=\"http:\/\/rcm-fr.amazon.fr\/e\/cm?t=sitesten-21&amp;o=8&amp;p=8&amp;l=as1&amp;asins=2070127672&amp;fc1=000000&amp;IS2=1&amp;lt1=_blank&amp;m=amazon&amp;lc1=0000FF&amp;bc1=000000&amp;bg1=FFFFFF&amp;f=ifr\" class=\" odnucynxmdcapaybgbpx odnucynxmdcapaybgbpx odnucynxmdcapaybgbpx\" style=\"width: 120px; height: 240px\" marginwidth=\"0\" marginheight=\"0\" frameborder=\"0\" scrolling=\"no\"><\/iframe><\/p>\n<p> \u00a0Les arcanes de l&rsquo;art [2010] , 304 pages, 140 x 205 mm. Collection L&rsquo;Infini, <a href=\"http:\/\/www.gallimard.fr\/\" title=\"Gallimard\" target=\"_blank\">Gallimard<\/a> -ess. ISBN 9782070127672. Parution : 25-05-2010. 23,00 \u20ac<\/p>\n<p>R\u00e9sum\u00e9 \u00ab Un livre passionnant sur un aspect \u00e9trangement m\u00e9connu de Stendhal. \u00bb Philippe Sollers. Il s&rsquo;agit d&rsquo;une d\u00e9couverte, la d\u00e9couverte de la clef d&rsquo;un canon de la litt\u00e9rature universelle, selon Proust le plus beau roman du monde, La Chartreuse de Parme. Telle la classique lettre vol\u00e9e, cette clef se trouve sous nos yeux depuis toujours. Stendhal se sert des embl\u00e8mes du tarot, d\u00e9j\u00e0 pr\u00e9sents dans la franc-ma\u00e7onnerie des Lumi\u00e8res, pour construire son \u0153uvre, comme il se sert de ses outils de ma\u00e7on pour construire sa tour Farn\u00e8se, juste au-dessus d&rsquo;un acacia, le grand symbole du ma\u00eetre.<\/p>\n<p align=\"center\">\u00c0 consulter<\/p>\n<p align=\"center\">Article de Lluis Bonada dans El Temps: \u2018La cartoixa de Parma\u2019, gran novel\u00b7la ma\u00e7\u00f2nica<\/p>\n<p><a href=\"http:\/\/eltemps.net\/web\/index.php?option=com_k2&amp;view=item&amp;id=1427:la-cartoixa-de-parma-gran-novel%C2%B7la-maconica&amp;Itemid=184\">http:\/\/eltemps.net\/web\/index.php?option=com_k2&amp;view=item&amp;id=1427:la-cartoixa-de-parma-gran-novel%C2%B7la-maconica&amp;Itemid=184 <\/a><\/p>\n","protected":false},"excerpt":{"rendered":"<p>Pierre Alain Bergher Les Myst\u00e8res de La Chartreuse de Parme \u00a0Les arcanes de l&rsquo;art [2010] , 304 pages, 140 x 205 mm. Collection L&rsquo;Infini, Gallimard -ess. ISBN 9782070127672. Parution : 25-05-2010. 23,00 \u20ac R\u00e9sum\u00e9 \u00ab Un livre passionnant sur un &hellip; <a href=\"https:\/\/stendhal.fr\/?p=520\">Continuer la lecture <span class=\"meta-nav\">&rarr;<\/span><\/a><\/p>\n","protected":false},"author":1,"featured_media":0,"comment_status":"closed","ping_status":"open","sticky":false,"template":"","format":"standard","meta":{"jetpack_post_was_ever_published":false,"_jetpack_newsletter_access":"","_jetpack_dont_email_post_to_subs":false,"_jetpack_newsletter_tier_id":0,"_jetpack_memberships_contains_paywalled_content":false,"_jetpack_memberships_contains_paid_content":false,"footnotes":"","jetpack_publicize_message":"","jetpack_publicize_feature_enabled":true,"jetpack_social_post_already_shared":false,"jetpack_social_options":{"image_generator_settings":{"template":"highway","default_image_id":0,"font":"","enabled":false},"version":2}},"categories":[2],"tags":[],"class_list":["post-520","post","type-post","status-publish","format-standard","hentry","category-nouvelles-publications"],"jetpack_publicize_connections":[],"jetpack_featured_media_url":"","jetpack_sharing_enabled":true,"jetpack_shortlink":"https:\/\/wp.me\/p34K8b-8o","jetpack_likes_enabled":true,"_links":{"self":[{"href":"https:\/\/stendhal.fr\/index.php?rest_route=\/wp\/v2\/posts\/520","targetHints":{"allow":["GET"]}}],"collection":[{"href":"https:\/\/stendhal.fr\/index.php?rest_route=\/wp\/v2\/posts"}],"about":[{"href":"https:\/\/stendhal.fr\/index.php?rest_route=\/wp\/v2\/types\/post"}],"author":[{"embeddable":true,"href":"https:\/\/stendhal.fr\/index.php?rest_route=\/wp\/v2\/users\/1"}],"replies":[{"embeddable":true,"href":"https:\/\/stendhal.fr\/index.php?rest_route=%2Fwp%2Fv2%2Fcomments&post=520"}],"version-history":[{"count":0,"href":"https:\/\/stendhal.fr\/index.php?rest_route=\/wp\/v2\/posts\/520\/revisions"}],"wp:attachment":[{"href":"https:\/\/stendhal.fr\/index.php?rest_route=%2Fwp%2Fv2%2Fmedia&parent=520"}],"wp:term":[{"taxonomy":"category","embeddable":true,"href":"https:\/\/stendhal.fr\/index.php?rest_route=%2Fwp%2Fv2%2Fcategories&post=520"},{"taxonomy":"post_tag","embeddable":true,"href":"https:\/\/stendhal.fr\/index.php?rest_route=%2Fwp%2Fv2%2Ftags&post=520"}],"curies":[{"name":"wp","href":"https:\/\/api.w.org\/{rel}","templated":true}]}}