{"id":517,"date":"2010-05-10T09:26:30","date_gmt":"2010-05-10T08:26:30","guid":{"rendered":"http:\/\/www.stendhal.fr\/?p=517"},"modified":"2010-05-19T11:16:46","modified_gmt":"2010-05-19T10:16:46","slug":"stendhal-historien-de-l%e2%80%99art","status":"publish","type":"post","link":"https:\/\/stendhal.fr\/?p=517","title":{"rendered":"Stendhal historien de l\u2019art"},"content":{"rendered":"<p align=\"center\"><strong>Stendhal historien de l\u2019art <\/strong><br \/>\nColloque international<br \/>\n3, 4 et 5 juin 2010<br \/>\nGrenoble, MSH-Alpes<\/p>\n<p>Depuis quelques ann\u00e9es, les \u00e9crits sur l\u2019art de Stendhal ont suscit\u00e9 un regain d\u2019int\u00e9r\u00eat tant parmi les sp\u00e9cialistes de litt\u00e9rature qu\u2019aupr\u00e8s des historiens de l\u2019art. De nouvelles \u00e9ditions de textes, des colloques, des s\u00e9minaires, mais aussi les travaux fondamentaux men\u00e9s sur la correspondance administrative nous le prouvent. Il est d\u00e9sormais possible de mieux mesurer l\u2019apport d\u2019Henri Beyle aux d\u00e9bats sur l\u2019art dans la premi\u00e8re moiti\u00e9 du XIXe si\u00e8cle en s\u2019\u00e9loignant des lectures sch\u00e9matiques et des seules accusations de plagiat qui ont nourri tant de travaux du pass\u00e9.<br \/>\nGrenoble nous a paru le lieu id\u00e9al pour r\u00e9unir stendhaliens et historiens de l\u2019art autour de ces d\u00e9bats. Les communications et les discussions ne porteront pas tant sur le critique d\u2019art militant, dont la renomm\u00e9e est acquise, que sur la nature, la port\u00e9e et le public des ouvrages o\u00f9 Stendhal affiche une posture d\u2019historien.\n<\/p>\n<p align=\"center\"><a href=\"http:\/\/www.inha.fr\/IMG\/pdf\/stendhal.pdf\" title=\"Programme colloque\" target=\"_blank\">PROGRAMME<\/a><\/p>\n<p align=\"center\">(Sur le site de l&rsquo;<a href=\"http:\/\/www.inha.fr\/spip.php?article3080\" title=\"INHA\" target=\"_blank\">INHA<\/a> Institut national d&rsquo;histoire de l&rsquo;art)<\/p>\n","protected":false},"excerpt":{"rendered":"<p>Stendhal historien de l\u2019art Colloque international 3, 4 et 5 juin 2010 Grenoble, MSH-Alpes Depuis quelques ann\u00e9es, les \u00e9crits sur l\u2019art de Stendhal ont suscit\u00e9 un regain d\u2019int\u00e9r\u00eat tant parmi les sp\u00e9cialistes de litt\u00e9rature qu\u2019aupr\u00e8s des historiens de l\u2019art. De &hellip; <a href=\"https:\/\/stendhal.fr\/?p=517\">Continuer la lecture <span class=\"meta-nav\">&rarr;<\/span><\/a><\/p>\n","protected":false},"author":1,"featured_media":0,"comment_status":"closed","ping_status":"open","sticky":false,"template":"","format":"standard","meta":{"jetpack_post_was_ever_published":false,"_jetpack_newsletter_access":"","_jetpack_dont_email_post_to_subs":false,"_jetpack_newsletter_tier_id":0,"_jetpack_memberships_contains_paywalled_content":false,"_jetpack_memberships_contains_paid_content":false,"footnotes":"","jetpack_publicize_message":"","jetpack_publicize_feature_enabled":true,"jetpack_social_post_already_shared":false,"jetpack_social_options":{"image_generator_settings":{"template":"highway","default_image_id":0,"font":"","enabled":false},"version":2}},"categories":[6],"tags":[],"class_list":["post-517","post","type-post","status-publish","format-standard","hentry","category-colloques"],"jetpack_publicize_connections":[],"jetpack_featured_media_url":"","jetpack_sharing_enabled":true,"jetpack_shortlink":"https:\/\/wp.me\/p34K8b-8l","jetpack_likes_enabled":true,"_links":{"self":[{"href":"https:\/\/stendhal.fr\/index.php?rest_route=\/wp\/v2\/posts\/517","targetHints":{"allow":["GET"]}}],"collection":[{"href":"https:\/\/stendhal.fr\/index.php?rest_route=\/wp\/v2\/posts"}],"about":[{"href":"https:\/\/stendhal.fr\/index.php?rest_route=\/wp\/v2\/types\/post"}],"author":[{"embeddable":true,"href":"https:\/\/stendhal.fr\/index.php?rest_route=\/wp\/v2\/users\/1"}],"replies":[{"embeddable":true,"href":"https:\/\/stendhal.fr\/index.php?rest_route=%2Fwp%2Fv2%2Fcomments&post=517"}],"version-history":[{"count":0,"href":"https:\/\/stendhal.fr\/index.php?rest_route=\/wp\/v2\/posts\/517\/revisions"}],"wp:attachment":[{"href":"https:\/\/stendhal.fr\/index.php?rest_route=%2Fwp%2Fv2%2Fmedia&parent=517"}],"wp:term":[{"taxonomy":"category","embeddable":true,"href":"https:\/\/stendhal.fr\/index.php?rest_route=%2Fwp%2Fv2%2Fcategories&post=517"},{"taxonomy":"post_tag","embeddable":true,"href":"https:\/\/stendhal.fr\/index.php?rest_route=%2Fwp%2Fv2%2Ftags&post=517"}],"curies":[{"name":"wp","href":"https:\/\/api.w.org\/{rel}","templated":true}]}}