{"id":516,"date":"2010-04-14T18:45:18","date_gmt":"2010-04-14T17:45:18","guid":{"rendered":"http:\/\/www.stendhal.fr\/?p=516"},"modified":"2010-04-14T18:46:28","modified_gmt":"2010-04-14T17:46:28","slug":"seminaire-lectures-et-lecteurs-de-stendhal-2","status":"publish","type":"post","link":"https:\/\/stendhal.fr\/?p=516","title":{"rendered":"S\u00e9minaire \u00ab\u00a0Lectures et  lecteurs de Stendhal\u00a0\u00bb"},"content":{"rendered":"<p> <span style=\"font-size: 11pt\">S\u00e9minaire international organis\u00e9 par B\u00e9atrice Didier (Ecole Normale Sup\u00e9rieure, Paris), Marie-Rose Corredor (Centre d\u2019Etudes Stendhaliennes et Romantiques, Universit\u00e9 de Grenoble 3), Massimo Colesanti (Fondazione Primoli, Rome) et H\u00e9l\u00e8ne de Jacquelot (Dipartimento di Lingue e Letterature romanze, Universit\u00e9 de Pise)<o><\/o><\/span><\/p>\n<p class=\"HTMLBody\"><strong><span style=\"font-size: 11pt\" lang=\"IT\">Roma<\/span><\/strong><span style=\"font-size: 11pt\" lang=\"IT\"> (Fondazione Primoli, via Zanardelli 1, 00186 Roma) &#8211; <strong>7 maggio 2010<\/strong>, ore 17 <\/span><\/p>\n<p class=\"HTMLBody\" style=\"margin-left: 35.4pt\"><span style=\"font-size: 11pt\" lang=\"IT\"><\/span><span style=\"font-size: 11pt; font-family: Arial\" lang=\"IT\">Letizia Norci Cagiano (Roma3), <em>Stendhal e la \u00ab\u00a0speme del viaggio a<o><\/o><\/em><\/span><em><span style=\"font-size: 11pt; font-family: Arial\" lang=\"IT\"> Roma\u00a0\u00bb<\/span><\/em><span style=\"font-size: 11pt; font-family: Arial\" lang=\"IT\"><\/span><span style=\"font-size: 11pt\"><\/span><\/p>\n<p class=\"HTMLBody\" style=\"margin-left: 35.4pt\"><span style=\"font-size: 11pt\">Francesco Spandri (Roma3),<\/span><span>\u00a0 <\/span><em><span style=\"font-size: 11pt\">Balzac lecteur de Stendhal en 1837<\/span><\/em><span style=\"font-size: 11pt\"><o><\/o><\/span><\/p>\n<p class=\"HTMLBody\" style=\"margin-left: 35.4pt\"><span style=\"font-size: 11pt\" lang=\"IT\">Paola Cattani (Pise), <em>Suar\u00e8s lecteur de Stendhal. <\/em><\/span><em><span style=\"font-size: 11pt\">La querelle sur le style<\/span><\/em><span style=\"font-size: 11pt\"><o><\/o><\/span><\/p>\n<p><!--EndFragment--><\/p>\n","protected":false},"excerpt":{"rendered":"<p>S\u00e9minaire international organis\u00e9 par B\u00e9atrice Didier (Ecole Normale Sup\u00e9rieure, Paris), Marie-Rose Corredor (Centre d\u2019Etudes Stendhaliennes et Romantiques, Universit\u00e9 de Grenoble 3), Massimo Colesanti (Fondazione Primoli, Rome) et H\u00e9l\u00e8ne de Jacquelot (Dipartimento di Lingue e Letterature romanze, Universit\u00e9 de Pise) Roma &hellip; <a href=\"https:\/\/stendhal.fr\/?p=516\">Continuer la lecture <span class=\"meta-nav\">&rarr;<\/span><\/a><\/p>\n","protected":false},"author":1,"featured_media":0,"comment_status":"closed","ping_status":"open","sticky":false,"template":"","format":"standard","meta":{"jetpack_post_was_ever_published":false,"_jetpack_newsletter_access":"","_jetpack_dont_email_post_to_subs":false,"_jetpack_newsletter_tier_id":0,"_jetpack_memberships_contains_paywalled_content":false,"_jetpack_memberships_contains_paid_content":false,"footnotes":"","jetpack_publicize_message":"","jetpack_publicize_feature_enabled":true,"jetpack_social_post_already_shared":false,"jetpack_social_options":{"image_generator_settings":{"template":"highway","default_image_id":0,"font":"","enabled":false},"version":2}},"categories":[3],"tags":[],"class_list":["post-516","post","type-post","status-publish","format-standard","hentry","category-seminaires"],"jetpack_publicize_connections":[],"jetpack_featured_media_url":"","jetpack_sharing_enabled":true,"jetpack_shortlink":"https:\/\/wp.me\/p34K8b-8k","jetpack_likes_enabled":true,"_links":{"self":[{"href":"https:\/\/stendhal.fr\/index.php?rest_route=\/wp\/v2\/posts\/516","targetHints":{"allow":["GET"]}}],"collection":[{"href":"https:\/\/stendhal.fr\/index.php?rest_route=\/wp\/v2\/posts"}],"about":[{"href":"https:\/\/stendhal.fr\/index.php?rest_route=\/wp\/v2\/types\/post"}],"author":[{"embeddable":true,"href":"https:\/\/stendhal.fr\/index.php?rest_route=\/wp\/v2\/users\/1"}],"replies":[{"embeddable":true,"href":"https:\/\/stendhal.fr\/index.php?rest_route=%2Fwp%2Fv2%2Fcomments&post=516"}],"version-history":[{"count":0,"href":"https:\/\/stendhal.fr\/index.php?rest_route=\/wp\/v2\/posts\/516\/revisions"}],"wp:attachment":[{"href":"https:\/\/stendhal.fr\/index.php?rest_route=%2Fwp%2Fv2%2Fmedia&parent=516"}],"wp:term":[{"taxonomy":"category","embeddable":true,"href":"https:\/\/stendhal.fr\/index.php?rest_route=%2Fwp%2Fv2%2Fcategories&post=516"},{"taxonomy":"post_tag","embeddable":true,"href":"https:\/\/stendhal.fr\/index.php?rest_route=%2Fwp%2Fv2%2Ftags&post=516"}],"curies":[{"name":"wp","href":"https:\/\/api.w.org\/{rel}","templated":true}]}}