{"id":515,"date":"2010-03-22T11:14:53","date_gmt":"2010-03-22T10:14:53","guid":{"rendered":"http:\/\/www.stendhal.fr\/?p=515"},"modified":"2010-03-22T11:15:35","modified_gmt":"2010-03-22T10:15:35","slug":"seminaire-reediter-stendhal","status":"publish","type":"post","link":"https:\/\/stendhal.fr\/?p=515","title":{"rendered":"S\u00e9minaire R\u00e9\u00e9diter Stendhal"},"content":{"rendered":"<p align=\"center\">Centre de Recherche sur les Po\u00e9tiques du XIX\u00e8me si\u00e8cle<\/p>\n<p align=\"center\"><strong>S\u00e9minaire &#8211; R\u00e9\u00e9diter Stendhal<\/strong><\/p>\n<p align=\"center\">R\u00e9\u00e9diter Stendhal &#8211; Fran\u00e7ois Vanoosthuyse.<br \/>\n27 mars 2010 &#8211; Sorbonne, amphith\u00e9\u00e2tre Michelet, 46 rue St Jacques.<\/p>\n<p>Programme:<\/p>\n<p>9h30 Pr\u00e9sentation<\/p>\n<p>9h45 C\u00e9cile Meynard (Universit\u00e9 Stendhal): \u00ab\u00a0R\u00e9\u00e9diter les journaux de Stendhal: compl\u00e9mentarit\u00e9 des \u00e9ditions \u00e9lectronique et imprim\u00e9e\u00a0\u00bb<\/p>\n<p>10h45 Pause<\/p>\n<p>11h Yves Ansel (Universit\u00e9 de Nantes) et Xavier Bourdenet (IUFM de Paris): \u00ab\u00a0De la n\u00e9cessit\u00e9 de nouvelles \u00e9ditions et d&rsquo;un nouvel apparat critique: Stendhal <em>for ever<\/em> et Stendhal <em>for us<\/em>\u00ab\u00a0.<\/p>\n<p>12h Keiko Sugimoto (Meiji Gakvin University, Tokyo): \u00ab\u00a0\u00a0\u00bbPour une meilleure traduction ou du bon usage d&rsquo;une nouvelle \u00e9dition critique: le cas du \u00ab\u00a0Rouge et le Noir\u00a0\u00bb<\/p>\n","protected":false},"excerpt":{"rendered":"<p>Centre de Recherche sur les Po\u00e9tiques du XIX\u00e8me si\u00e8cle S\u00e9minaire &#8211; R\u00e9\u00e9diter Stendhal R\u00e9\u00e9diter Stendhal &#8211; Fran\u00e7ois Vanoosthuyse. 27 mars 2010 &#8211; Sorbonne, amphith\u00e9\u00e2tre Michelet, 46 rue St Jacques. Programme: 9h30 Pr\u00e9sentation 9h45 C\u00e9cile Meynard (Universit\u00e9 Stendhal): \u00ab\u00a0R\u00e9\u00e9diter les journaux &hellip; <a href=\"https:\/\/stendhal.fr\/?p=515\">Continuer la lecture <span class=\"meta-nav\">&rarr;<\/span><\/a><\/p>\n","protected":false},"author":1,"featured_media":0,"comment_status":"closed","ping_status":"open","sticky":false,"template":"","format":"standard","meta":{"jetpack_post_was_ever_published":false,"_jetpack_newsletter_access":"","_jetpack_dont_email_post_to_subs":false,"_jetpack_newsletter_tier_id":0,"_jetpack_memberships_contains_paywalled_content":false,"_jetpack_memberships_contains_paid_content":false,"footnotes":"","jetpack_publicize_message":"","jetpack_publicize_feature_enabled":true,"jetpack_social_post_already_shared":false,"jetpack_social_options":{"image_generator_settings":{"template":"highway","default_image_id":0,"font":"","enabled":false},"version":2}},"categories":[3],"tags":[],"class_list":["post-515","post","type-post","status-publish","format-standard","hentry","category-seminaires"],"jetpack_publicize_connections":[],"jetpack_featured_media_url":"","jetpack_sharing_enabled":true,"jetpack_shortlink":"https:\/\/wp.me\/p34K8b-8j","jetpack_likes_enabled":true,"_links":{"self":[{"href":"https:\/\/stendhal.fr\/index.php?rest_route=\/wp\/v2\/posts\/515","targetHints":{"allow":["GET"]}}],"collection":[{"href":"https:\/\/stendhal.fr\/index.php?rest_route=\/wp\/v2\/posts"}],"about":[{"href":"https:\/\/stendhal.fr\/index.php?rest_route=\/wp\/v2\/types\/post"}],"author":[{"embeddable":true,"href":"https:\/\/stendhal.fr\/index.php?rest_route=\/wp\/v2\/users\/1"}],"replies":[{"embeddable":true,"href":"https:\/\/stendhal.fr\/index.php?rest_route=%2Fwp%2Fv2%2Fcomments&post=515"}],"version-history":[{"count":0,"href":"https:\/\/stendhal.fr\/index.php?rest_route=\/wp\/v2\/posts\/515\/revisions"}],"wp:attachment":[{"href":"https:\/\/stendhal.fr\/index.php?rest_route=%2Fwp%2Fv2%2Fmedia&parent=515"}],"wp:term":[{"taxonomy":"category","embeddable":true,"href":"https:\/\/stendhal.fr\/index.php?rest_route=%2Fwp%2Fv2%2Fcategories&post=515"},{"taxonomy":"post_tag","embeddable":true,"href":"https:\/\/stendhal.fr\/index.php?rest_route=%2Fwp%2Fv2%2Ftags&post=515"}],"curies":[{"name":"wp","href":"https:\/\/api.w.org\/{rel}","templated":true}]}}