{"id":514,"date":"2010-03-04T14:08:31","date_gmt":"2010-03-04T13:08:31","guid":{"rendered":"http:\/\/www.stendhal.fr\/?p=514"},"modified":"2010-03-22T11:17:10","modified_gmt":"2010-03-22T10:17:10","slug":"stendhal-et-les-choses-de-la-nature-3","status":"publish","type":"post","link":"https:\/\/stendhal.fr\/?p=514","title":{"rendered":"Stendhal et les choses de la nature"},"content":{"rendered":"<p class=\"MsoNormal\" style=\"margin-right: -50.4pt\" align=\"center\"><strong><span style=\"color: fuchsia\">STENDHAL AUJOURD\u2019HUI<o><\/o><\/span><\/strong><\/p>\n<blockquote>\n<p class=\"MsoNormal\" style=\"margin-right: -50.4pt\" align=\"center\"><strong><span style=\"color: fuchsia\"><\/span><span><\/span><\/strong><span style=\"color: fuchsia\">Soci\u00e9t\u00e9 internationale d\u2019\u00e9tudes stendhaliennes<o><\/o><\/span><\/p>\n<p class=\"MsoNormal\" style=\"margin-right: -50.4pt\" align=\"center\"><span><\/span><strong>Colloque<span>\u00a0\u00a0\u00a0 <\/span><o><\/o><\/strong><\/p>\n<p class=\"MsoNormal\" style=\"margin-right: -50.4pt\" align=\"center\"><span><\/span><strong><em>Stendhal et les choses de la nature<o><\/o><\/em><\/strong><\/p>\n<p class=\"MsoNormal\" style=\"margin-right: -50.4pt\" align=\"center\"><span><\/span>INHA, salle Vasari, 2 rue Vivienne, 75002 Paris<\/p>\n<p class=\"MsoNormal\" style=\"margin-right: -50.4pt\" align=\"center\">&nbsp;<\/p>\n<\/blockquote>\n<p class=\"MsoNormal\" style=\"margin-right: -50.4pt\" align=\"left\"><span>\u00a0\u00a0\u00a0\u00a0\u00a0\u00a0\u00a0\u00a0\u00a0\u00a0\u00a0\u00a0\u00a0\u00a0\u00a0\u00a0\u00a0\u00a0\u00a0\u00a0\u00a0\u00a0\u00a0\u00a0\u00a0\u00a0\u00a0\u00a0\u00a0\u00a0\u00a0\u00a0\u00a0\u00a0\u00a0\u00a0\u00a0\u00a0\u00a0\u00a0\u00a0\u00a0\u00a0\u00a0 <\/span><strong>Vendredi 26 mars 2010<o><\/o><\/strong><\/p>\n<p align=\"center\">&nbsp;<\/p>\n<p class=\"MsoNormal\" style=\"margin-right: -50.4pt\" align=\"left\"><span>\u00a0<\/span>9 h 15<span>\u00a0\u00a0\u00a0\u00a0\u00a0\u00a0 <\/span>Accueil des participants et ouverture du colloque<\/p>\n<p align=\"left\">9 h 30<strong><span>\u00a0\u00a0\u00a0\u00a0 <\/span>Fran\u00e7oise-Marie Guinoiseau <\/strong>(Lyon)<span><\/span><\/p>\n<p align=\"left\"><span><\/span><em>Voyages stendhaliens et paysages, par monts et vall\u00e9es, lacs et for\u00eats, de 1800 \u00e0 1836.<span>\u00a0\u00a0 <\/span>Le\u00e7on de choses<span><\/span><o><\/o><\/em><\/p>\n<p align=\"left\">10 h <strong><span>\u00a0\u00a0\u00a0\u00a0\u00a0 <\/span>Elisabeth Scheele <\/strong>(Paris)<\/p>\n<p class=\"MsoNormal\" style=\"margin-right: -50.4pt; text-align: justify\" align=\"left\"><span><\/span><em>Guerre et nature chez Shakespeare et Stendhal<\/em><\/p>\n<p class=\"MsoNormal\" style=\"margin-right: -50.4pt; text-align: justify\" align=\"left\">&nbsp;<\/p>\n<p class=\"MsoNormal\" style=\"margin: 0cm -50.4pt 0.0001pt 54pt; text-align: justify; text-indent: -54pt\" align=\"center\">10 h 30<span>\u00a0\u00a0\u00a0\u00a0\u00a0 <\/span>Pause<\/p>\n<p class=\"MsoNormal\" style=\"margin: 0cm -50.4pt 0.0001pt 54pt; text-align: justify; text-indent: -54pt\" align=\"center\">&nbsp;<\/p>\n<p align=\"left\">11 h<span>\u00a0\u00a0\u00a0\u00a0\u00a0\u00a0 <\/span><strong>Max Andr\u00e9oli <\/strong>(Grasse)<\/p>\n<p class=\"MsoNormal\" style=\"margin-right: -50.4pt; text-align: justify\" align=\"center\"><span><\/span>For\u00eats et arbres chez Stendhal et Balzac<\/p>\n<p class=\"MsoNormal\" style=\"margin-right: -50.4pt; text-align: justify\" align=\"center\"><span lang=\"DE\">11 h 30<\/span><span>\u00a0\u00a0\u00a0\u00a0\u00a0 <\/span><strong>Brigitte M\u00e9ra <\/strong>(Davidson College USA, ISC Paris)<\/p>\n<p class=\"MsoNormal\" style=\"margin-right: -50.4pt; text-align: justify\" align=\"center\"><span><\/span><em>Du journal au roman\u00a0: int\u00e9gration de la nature dans l\u2019espace romanesque<\/em><\/p>\n<p class=\"MsoNormal\" style=\"margin-right: -50.4pt; text-align: justify\" align=\"center\">&nbsp;<\/p>\n<p align=\"left\">14 h 30<span>\u00a0\u00a0\u00a0\u00a0\u00a0 <\/span><strong>Encarnaci\u00f3n Medina Arjona <\/strong>(Universit\u00e9 de Ja\u00e9n)<\/p>\n<p class=\"MsoNormal\" style=\"margin-right: -50.4pt; text-align: justify\" align=\"center\"><em><span><\/span>\u00ab\u00a0A l\u2019ombre de ces beaux arbres\u00a0\u00bb ou la lumi\u00e8re de Claude Lorrain chez Stendhal<\/em><\/p>\n<p align=\"left\">15 h<span>\u00a0\u00a0\u00a0\u00a0\u00a0\u00a0\u00a0\u00a0\u00a0\u00a0 <\/span><strong>Janine Gallant <\/strong>(Universit\u00e9 de Moncton)<\/p>\n<p class=\"MsoNormal\" style=\"margin-right: -50.4pt; text-align: justify\" align=\"center\"><span>\u00a0<\/span><em>Les choses de la nature et les choses de la peinture\u00a0: un mariage romanesque<\/em><\/p>\n<p class=\"MsoNormal\" style=\"margin-right: -50.4pt; text-align: justify\" align=\"center\">15 h 30<span>\u00a0\u00a0\u00a0\u00a0\u00a0 <\/span><strong>Francesco Spandri <\/strong>(Universit\u00e9 de Rome III)<\/p>\n<p class=\"MsoNormal\" style=\"margin-right: -50.4pt; text-align: justify\" align=\"center\">\u00a0<span> <\/span>Armance <em>ou M. le Capital et Mme la Terre<o><\/o><\/em><\/p>\n<p align=\"center\"><span>\u00a0\u00a0\u00a0\u00a0\u00a0\u00a0\u00a0\u00a0\u00a0\u00a0\u00a0\u00a0\u00a0\u00a0\u00a0\u00a0\u00a0\u00a0\u00a0\u00a0\u00a0 <\/span><\/p>\n<p class=\"MsoNormal\" style=\"margin-right: -50.4pt; text-align: justify\" align=\"center\"><span>\u00a0\u00a0\u00a0\u00a0\u00a0\u00a0\u00a0\u00a0\u00a0\u00a0\u00a0\u00a0\u00a0\u00a0\u00a0\u00a0\u00a0\u00a0\u00a0\u00a0\u00a0\u00a0\u00a0\u00a0\u00a0\u00a0\u00a0\u00a0\u00a0\u00a0\u00a0\u00a0\u00a0\u00a0\u00a0\u00a0\u00a0\u00a0\u00a0\u00a0\u00a0\u00a0\u00a0\u00a0\u00a0\u00a0\u00a0\u00a0\u00a0\u00a0\u00a0\u00a0\u00a0\u00a0\u00a0\u00a0\u00a0\u00a0\u00a0\u00a0 <\/span><strong>Samedi 27 mars 2010<o><\/o><\/strong><\/p>\n<p align=\"center\">&nbsp;<\/p>\n<p class=\"MsoNormal\" style=\"margin-right: -50.4pt; text-align: justify\" align=\"center\">10 h<span>\u00a0\u00a0\u00a0\u00a0\u00a0\u00a0\u00a0\u00a0 <\/span><span><\/span><strong>Pierrette Pavet <\/strong>(Paris)<\/p>\n<p class=\"MsoNormal\" style=\"margin-right: -50.4pt; text-align: justify\" align=\"center\"><span> <\/span><em>Stendhal et la laideur des choses<\/em><\/p>\n<p class=\"MsoNormal\" style=\"margin-right: -50.4pt; text-align: justify\" align=\"center\">10 h 30<span>\u00a0\u00a0\u00a0 <\/span><strong>Jean-Jacques Hamm <\/strong>(Queen\u2019s University, Kingston)<\/p>\n<p class=\"MsoNormal\" style=\"margin-right: -50.4pt; text-align: justify\" align=\"center\"><span><\/span><em>Nominalisme et nature\u00a0: bois et for\u00eats stendhaliens<\/em><\/p>\n<p class=\"MsoNormal\" style=\"margin-right: -50.4pt; text-align: justify\" align=\"center\">11 h<span>\u00a0\u00a0\u00a0\u00a0\u00a0\u00a0 <\/span><strong>Michel Crouzet <\/strong>(Universit\u00e9 de Paris IV-Sorbonne)<\/p>\n<p class=\"MsoNormal\" style=\"margin: 0cm -50.4pt 0.0001pt 36pt; text-align: justify; text-indent: -36pt\" align=\"center\"><span> <\/span><em>Le terrestre et le c\u00e9leste chez Stendhal<span>\u00a0 <\/span><o><\/o><\/em><\/p>\n<p><!--EndFragment--><\/p>\n","protected":false},"excerpt":{"rendered":"<p>STENDHAL AUJOURD\u2019HUI Soci\u00e9t\u00e9 internationale d\u2019\u00e9tudes stendhaliennes Colloque\u00a0\u00a0\u00a0 Stendhal et les choses de la nature INHA, salle Vasari, 2 rue Vivienne, 75002 Paris &nbsp; \u00a0\u00a0\u00a0\u00a0\u00a0\u00a0\u00a0\u00a0\u00a0\u00a0\u00a0\u00a0\u00a0\u00a0\u00a0\u00a0\u00a0\u00a0\u00a0\u00a0\u00a0\u00a0\u00a0\u00a0\u00a0\u00a0\u00a0\u00a0\u00a0\u00a0\u00a0\u00a0\u00a0\u00a0\u00a0\u00a0\u00a0\u00a0\u00a0\u00a0\u00a0\u00a0\u00a0\u00a0 Vendredi 26 mars 2010 &nbsp; \u00a09 h 15\u00a0\u00a0\u00a0\u00a0\u00a0\u00a0 Accueil des participants et ouverture du colloque 9 &hellip; <a href=\"https:\/\/stendhal.fr\/?p=514\">Continuer la lecture <span class=\"meta-nav\">&rarr;<\/span><\/a><\/p>\n","protected":false},"author":1,"featured_media":0,"comment_status":"closed","ping_status":"open","sticky":false,"template":"","format":"standard","meta":{"jetpack_post_was_ever_published":false,"_jetpack_newsletter_access":"","_jetpack_dont_email_post_to_subs":false,"_jetpack_newsletter_tier_id":0,"_jetpack_memberships_contains_paywalled_content":false,"_jetpack_memberships_contains_paid_content":false,"footnotes":"","jetpack_publicize_message":"","jetpack_publicize_feature_enabled":true,"jetpack_social_post_already_shared":false,"jetpack_social_options":{"image_generator_settings":{"template":"highway","default_image_id":0,"font":"","enabled":false},"version":2}},"categories":[6],"tags":[],"class_list":["post-514","post","type-post","status-publish","format-standard","hentry","category-colloques"],"jetpack_publicize_connections":[],"jetpack_featured_media_url":"","jetpack_sharing_enabled":true,"jetpack_shortlink":"https:\/\/wp.me\/p34K8b-8i","jetpack_likes_enabled":true,"_links":{"self":[{"href":"https:\/\/stendhal.fr\/index.php?rest_route=\/wp\/v2\/posts\/514","targetHints":{"allow":["GET"]}}],"collection":[{"href":"https:\/\/stendhal.fr\/index.php?rest_route=\/wp\/v2\/posts"}],"about":[{"href":"https:\/\/stendhal.fr\/index.php?rest_route=\/wp\/v2\/types\/post"}],"author":[{"embeddable":true,"href":"https:\/\/stendhal.fr\/index.php?rest_route=\/wp\/v2\/users\/1"}],"replies":[{"embeddable":true,"href":"https:\/\/stendhal.fr\/index.php?rest_route=%2Fwp%2Fv2%2Fcomments&post=514"}],"version-history":[{"count":0,"href":"https:\/\/stendhal.fr\/index.php?rest_route=\/wp\/v2\/posts\/514\/revisions"}],"wp:attachment":[{"href":"https:\/\/stendhal.fr\/index.php?rest_route=%2Fwp%2Fv2%2Fmedia&parent=514"}],"wp:term":[{"taxonomy":"category","embeddable":true,"href":"https:\/\/stendhal.fr\/index.php?rest_route=%2Fwp%2Fv2%2Fcategories&post=514"},{"taxonomy":"post_tag","embeddable":true,"href":"https:\/\/stendhal.fr\/index.php?rest_route=%2Fwp%2Fv2%2Ftags&post=514"}],"curies":[{"name":"wp","href":"https:\/\/api.w.org\/{rel}","templated":true}]}}