{"id":510,"date":"2010-01-09T16:08:48","date_gmt":"2010-01-09T15:08:48","guid":{"rendered":"http:\/\/www.stendhal.fr\/?p=510"},"modified":"2010-01-09T16:08:48","modified_gmt":"2010-01-09T15:08:48","slug":"beatrice-didier-presidente-de-lassociation-des-amis-de-stendhal-paris-chevalier-de-la-legion-dhonneur","status":"publish","type":"post","link":"https:\/\/stendhal.fr\/?p=510","title":{"rendered":"B\u00e9atrice Didier, Pr\u00e9sidente de l&rsquo;Association des amis de Stendhal (Paris), chevalier de la L\u00e9gion d&rsquo;honneur"},"content":{"rendered":"<p>\u00a0<!--StartFragment--><font size=\"5\"><\/font><font face=\"Times New Roman\"><span style=\"font-size: 12pt\">B\u00e9atrice Didier, Pr\u00e9sidente de l&rsquo;Association des amis de Stendhal (Paris), a \u00e9t\u00e9 faite chevalier de la L\u00e9gion d&rsquo;honneur \u00e0 l&rsquo;occasion de la promotion du 1er janvier 2010. <\/span><\/font><\/p>\n<p><font size=\"5\"><\/font><font face=\"Times New Roman\"><span style=\"font-size: 12pt\">Nous lui adressons au \u00a0nom de tous les stendhaliens nos chaleureuses f\u00e9licitations pour cette distinction.<\/span><\/font><\/p>\n<p align=\"right\">Information communiqu\u00e9e par Monsieur Jacques Houbert<\/p>\n","protected":false},"excerpt":{"rendered":"<p>\u00a0B\u00e9atrice Didier, Pr\u00e9sidente de l&rsquo;Association des amis de Stendhal (Paris), a \u00e9t\u00e9 faite chevalier de la L\u00e9gion d&rsquo;honneur \u00e0 l&rsquo;occasion de la promotion du 1er janvier 2010. Nous lui adressons au \u00a0nom de tous les stendhaliens nos chaleureuses f\u00e9licitations pour &hellip; <a href=\"https:\/\/stendhal.fr\/?p=510\">Continuer la lecture <span class=\"meta-nav\">&rarr;<\/span><\/a><\/p>\n","protected":false},"author":1,"featured_media":0,"comment_status":"closed","ping_status":"open","sticky":false,"template":"","format":"standard","meta":{"jetpack_post_was_ever_published":false,"_jetpack_newsletter_access":"","_jetpack_dont_email_post_to_subs":false,"_jetpack_newsletter_tier_id":0,"_jetpack_memberships_contains_paywalled_content":false,"_jetpack_memberships_contains_paid_content":false,"footnotes":"","jetpack_publicize_message":"","jetpack_publicize_feature_enabled":true,"jetpack_social_post_already_shared":false,"jetpack_social_options":{"image_generator_settings":{"template":"highway","default_image_id":0,"font":"","enabled":false},"version":2}},"categories":[1],"tags":[],"class_list":["post-510","post","type-post","status-publish","format-standard","hentry","category-uncategorized"],"jetpack_publicize_connections":[],"jetpack_featured_media_url":"","jetpack_sharing_enabled":true,"jetpack_shortlink":"https:\/\/wp.me\/p34K8b-8e","jetpack_likes_enabled":true,"_links":{"self":[{"href":"https:\/\/stendhal.fr\/index.php?rest_route=\/wp\/v2\/posts\/510","targetHints":{"allow":["GET"]}}],"collection":[{"href":"https:\/\/stendhal.fr\/index.php?rest_route=\/wp\/v2\/posts"}],"about":[{"href":"https:\/\/stendhal.fr\/index.php?rest_route=\/wp\/v2\/types\/post"}],"author":[{"embeddable":true,"href":"https:\/\/stendhal.fr\/index.php?rest_route=\/wp\/v2\/users\/1"}],"replies":[{"embeddable":true,"href":"https:\/\/stendhal.fr\/index.php?rest_route=%2Fwp%2Fv2%2Fcomments&post=510"}],"version-history":[{"count":0,"href":"https:\/\/stendhal.fr\/index.php?rest_route=\/wp\/v2\/posts\/510\/revisions"}],"wp:attachment":[{"href":"https:\/\/stendhal.fr\/index.php?rest_route=%2Fwp%2Fv2%2Fmedia&parent=510"}],"wp:term":[{"taxonomy":"category","embeddable":true,"href":"https:\/\/stendhal.fr\/index.php?rest_route=%2Fwp%2Fv2%2Fcategories&post=510"},{"taxonomy":"post_tag","embeddable":true,"href":"https:\/\/stendhal.fr\/index.php?rest_route=%2Fwp%2Fv2%2Ftags&post=510"}],"curies":[{"name":"wp","href":"https:\/\/api.w.org\/{rel}","templated":true}]}}