{"id":508,"date":"2009-11-27T14:10:28","date_gmt":"2009-11-27T13:10:28","guid":{"rendered":"http:\/\/www.stendhal.fr\/?p=508"},"modified":"2009-12-04T11:34:55","modified_gmt":"2009-12-04T10:34:55","slug":"inauguration-du-site-%c2%ab-manuscrits-de-stendhal-%c2%bb","status":"publish","type":"post","link":"https:\/\/stendhal.fr\/?p=508","title":{"rendered":"Inauguration du site \u00ab Manuscrits de Stendhal \u00bb"},"content":{"rendered":"<p align=\"center\">La Ville de Grenoble et l\u2019Universit\u00e9 Stendhal &#8211; Grenoble 3<\/p>\n<p align=\"center\">ont inaugur\u00e9 la mise en ligne du site<\/p>\n<p align=\"center\"><strong>\u00ab Manuscrits de Stendhal \u00bb<\/strong><\/p>\n<p align=\"center\"><a href=\"http:\/\/www.manuscrits-de-stendhal.org\" target=\"_blank\" title=\"Manuscrits de Stendhal\">http:\/\/www.manuscrits-de-stendhal.org\/<\/a><\/p>\n<p align=\"center\">le jeudi 26 novembre 2009 \u00e0 18h00 \u00e0 l\u2019Amphidice.<\/p>\n<p>France-info consacre un article \u00e0 cet \u00e9v\u00e8nement :<\/p>\n<p><a href=\"http:\/\/www.france-info.com\/culture-livres-2009-11-27-les-manuscrits-de-stendhal-maintenant-sur-internet-373976-36-39.html?var_recherche=stendhal\" title=\"France Bleu Is\u00e8re\" target=\"_blank\">Les manuscrits de Stendhal maintenant sur internet , Le reportage de Pierre-Fran\u00e7ois Decourcelle &#8211; France Bleu Is\u00e8re<\/a><\/p>\n<p>Voir \u00e9galement le site ActuaLitt\u00e9.com<\/p>\n<p><a href=\"http:\/\/www.actualitte.com\/actualite\/15285-Stendhal-net-bibliotheque-numeriser-Grenoble.htm\" title=\"Actua Litte\" target=\"_blank\">http:\/\/www.actualitte.com\/actualite\/15285-Stendhal-net-bibliotheque-numeriser-Grenoble.htm <\/a><\/p>\n<p>Et<\/p>\n<p><a href=\"http:\/\/bibliobs.nouvelobs.com\/20091201\/16207\/stendhal-se-devoile-sur-la-toile\" title=\"Nouvelobs\" target=\"_blank\">http:\/\/bibliobs.nouvelobs.com\/20091201\/16207\/stendhal-se-devoile-sur-la-toile <\/a><\/p>\n<p><a href=\"http:\/\/www.micheldestot.fr\/grenoble\/les-manuscrits-de-stendhal-on-line\/\" title=\"Michel Destot\" target=\"_blank\">http:\/\/www.micheldestot.fr\/grenoble\/les-manuscrits-de-stendhal-on-line\/ <\/a><\/p>\n<p><a href=\"http:\/\/www.magazine-litteraire.com\/content\/Breves\/article?id=14900\" title=\"Magazine litteraire\" target=\"_blank\">http:\/\/www.magazine-litteraire.com\/content\/Breves\/article?id=14900<\/a><\/p>\n<p><a href=\"http:\/\/www.grenoble-univ.fr\/jsp\/fiche_actualite.jsp?CODE=1259248913176&amp;LANGUE=0\" title=\"Universit\u00e9 Stendhal\" target=\"_blank\">http:\/\/www.grenoble-univ.fr\/jsp\/fiche_actualite.jsp?CODE=1259248913176&amp;LANGUE=0 <\/a><\/p>\n","protected":false},"excerpt":{"rendered":"<p>La Ville de Grenoble et l\u2019Universit\u00e9 Stendhal &#8211; Grenoble 3 ont inaugur\u00e9 la mise en ligne du site \u00ab Manuscrits de Stendhal \u00bb http:\/\/www.manuscrits-de-stendhal.org\/ le jeudi 26 novembre 2009 \u00e0 18h00 \u00e0 l\u2019Amphidice. France-info consacre un article \u00e0 cet \u00e9v\u00e8nement &hellip; <a href=\"https:\/\/stendhal.fr\/?p=508\">Continuer la lecture <span class=\"meta-nav\">&rarr;<\/span><\/a><\/p>\n","protected":false},"author":1,"featured_media":0,"comment_status":"closed","ping_status":"open","sticky":false,"template":"","format":"standard","meta":{"jetpack_post_was_ever_published":false,"_jetpack_newsletter_access":"","_jetpack_dont_email_post_to_subs":false,"_jetpack_newsletter_tier_id":0,"_jetpack_memberships_contains_paywalled_content":false,"_jetpack_memberships_contains_paid_content":false,"footnotes":"","jetpack_publicize_message":"","jetpack_publicize_feature_enabled":true,"jetpack_social_post_already_shared":false,"jetpack_social_options":{"image_generator_settings":{"template":"highway","default_image_id":0,"font":"","enabled":false},"version":2}},"categories":[5],"tags":[],"class_list":["post-508","post","type-post","status-publish","format-standard","hentry","category-stendhal-sur-internet"],"jetpack_publicize_connections":[],"jetpack_featured_media_url":"","jetpack_sharing_enabled":true,"jetpack_shortlink":"https:\/\/wp.me\/p34K8b-8c","jetpack_likes_enabled":true,"_links":{"self":[{"href":"https:\/\/stendhal.fr\/index.php?rest_route=\/wp\/v2\/posts\/508","targetHints":{"allow":["GET"]}}],"collection":[{"href":"https:\/\/stendhal.fr\/index.php?rest_route=\/wp\/v2\/posts"}],"about":[{"href":"https:\/\/stendhal.fr\/index.php?rest_route=\/wp\/v2\/types\/post"}],"author":[{"embeddable":true,"href":"https:\/\/stendhal.fr\/index.php?rest_route=\/wp\/v2\/users\/1"}],"replies":[{"embeddable":true,"href":"https:\/\/stendhal.fr\/index.php?rest_route=%2Fwp%2Fv2%2Fcomments&post=508"}],"version-history":[{"count":0,"href":"https:\/\/stendhal.fr\/index.php?rest_route=\/wp\/v2\/posts\/508\/revisions"}],"wp:attachment":[{"href":"https:\/\/stendhal.fr\/index.php?rest_route=%2Fwp%2Fv2%2Fmedia&parent=508"}],"wp:term":[{"taxonomy":"category","embeddable":true,"href":"https:\/\/stendhal.fr\/index.php?rest_route=%2Fwp%2Fv2%2Fcategories&post=508"},{"taxonomy":"post_tag","embeddable":true,"href":"https:\/\/stendhal.fr\/index.php?rest_route=%2Fwp%2Fv2%2Ftags&post=508"}],"curies":[{"name":"wp","href":"https:\/\/api.w.org\/{rel}","templated":true}]}}